{"id":11712,"date":"2025-10-03T13:35:25","date_gmt":"2025-10-03T13:35:25","guid":{"rendered":"https:\/\/vgi.krtk.hu\/?p=11712"},"modified":"2025-10-10T17:32:37","modified_gmt":"2025-10-10T17:32:37","slug":"delegation-from-the-vietnam-academy-of-social-sciences-visits-the-institute-for-world-economics","status":"publish","type":"post","link":"https:\/\/vgi.krtk.hu\/en\/delegation-from-the-vietnam-academy-of-social-sciences-visits-the-institute-for-world-economics\/","title":{"rendered":"Delegation from the Vietnam Academy of Social Sciences visits the Institute for World Economics"},"content":{"rendered":"<h1>Delegation from the Vietnam Academy of Social Sciences visits the Institute for World Economics<\/h1>\n<p>On October 3, 2025, <a href=\"https:\/\/vgi.krtk.hu\/en\/colleague\/emese-dobos\/\">Emese Dobos<\/a> hosted a delegation of researchers from the Vietnam Academy of Social Sciences (VASS).<\/p>\n<p>The members of the delegation were:<\/p>\n<ul>\n<li>Assoc. Prof. Dr. Nguyen Chien Thang \u2013 Director General of the Institute for European and Americas Studies<\/li>\n<li>Pham Hung Tien \u2013 Senior Researcher, Lecturer<\/li>\n<li>Bui Viet Hung \u2013 Senior Researcher<\/li>\n<li>Tran Thi Thu Huyen, MBA \u2013 Senior Researcher<\/li>\n<\/ul>\n<p>The delegation arrived in Budapest as part of the project titled \u201cSolutions to Ensure Corporate Social Responsibility Implementation by Vietnamese Enterprises in the Context of Vietnam\u2019s New Generation FTAs\u201d.<\/p>\n<p><img fetchpriority=\"high\" decoding=\"async\" class=\"alignnone size-medium wp-image-11707\" src=\"https:\/\/vgi.krtk.hu\/wp-content\/uploads\/2025\/10\/MTA-11-300x225.jpg\" alt=\"\" width=\"300\" height=\"225\" srcset=\"https:\/\/vgi.krtk.hu\/wp-content\/uploads\/2025\/10\/MTA-11-300x225.jpg 300w, https:\/\/vgi.krtk.hu\/wp-content\/uploads\/2025\/10\/MTA-11-1024x768.jpg 1024w, https:\/\/vgi.krtk.hu\/wp-content\/uploads\/2025\/10\/MTA-11-768x576.jpg 768w, https:\/\/vgi.krtk.hu\/wp-content\/uploads\/2025\/10\/MTA-11-1536x1152.jpg 1536w, https:\/\/vgi.krtk.hu\/wp-content\/uploads\/2025\/10\/MTA-11-2048x1536.jpg 2048w\" sizes=\"(max-width: 300px) 100vw, 300px\" \/><\/p>\n<p><img decoding=\"async\" class=\"alignnone size-medium wp-image-11699\" src=\"https:\/\/vgi.krtk.hu\/wp-content\/uploads\/2025\/10\/MTA-6-300x225.jpg\" alt=\"\" width=\"300\" height=\"225\" srcset=\"https:\/\/vgi.krtk.hu\/wp-content\/uploads\/2025\/10\/MTA-6-300x225.jpg 300w, https:\/\/vgi.krtk.hu\/wp-content\/uploads\/2025\/10\/MTA-6-1024x768.jpg 1024w, https:\/\/vgi.krtk.hu\/wp-content\/uploads\/2025\/10\/MTA-6-768x576.jpg 768w, https:\/\/vgi.krtk.hu\/wp-content\/uploads\/2025\/10\/MTA-6-1536x1152.jpg 1536w, https:\/\/vgi.krtk.hu\/wp-content\/uploads\/2025\/10\/MTA-6-2048x1536.jpg 2048w\" sizes=\"(max-width: 300px) 100vw, 300px\" \/><\/p>\n<p><img decoding=\"async\" class=\"alignnone size-medium wp-image-11703\" src=\"https:\/\/vgi.krtk.hu\/wp-content\/uploads\/2025\/10\/MTA-9-225x300.jpg\" alt=\"\" width=\"225\" height=\"300\" srcset=\"https:\/\/vgi.krtk.hu\/wp-content\/uploads\/2025\/10\/MTA-9-225x300.jpg 225w, https:\/\/vgi.krtk.hu\/wp-content\/uploads\/2025\/10\/MTA-9-768x1024.jpg 768w, https:\/\/vgi.krtk.hu\/wp-content\/uploads\/2025\/10\/MTA-9-1152x1536.jpg 1152w, https:\/\/vgi.krtk.hu\/wp-content\/uploads\/2025\/10\/MTA-9-1536x2048.jpg 1536w, https:\/\/vgi.krtk.hu\/wp-content\/uploads\/2025\/10\/MTA-9-300x400.jpg 300w, https:\/\/vgi.krtk.hu\/wp-content\/uploads\/2025\/10\/MTA-9.jpg 1920w\" sizes=\"(max-width: 225px) 100vw, 225px\" \/><\/p>\n","protected":false},"excerpt":{"rendered":"<p>Delegation from the Vietnam Academy of Social Sciences visits the Institute for World Economics On October 3, 2025, Emese Dobos hosted a delegation of researchers from the Vietnam Academy of Social Sciences (VASS). The members of the delegation were: Assoc. Prof. Dr. Nguyen Chien Thang \u2013 Director General of the Institute for European and Americas [&hellip;]<\/p>\n","protected":false},"author":36,"featured_media":11705,"comment_status":"closed","ping_status":"open","sticky":false,"template":"","format":"standard","meta":{"_acf_changed":false,"inline_featured_image":false,"footnotes":"","_links_to":"","_links_to_target":""},"categories":[86,85],"tags":[633],"class_list":["post-11712","post","type-post","status-publish","format-standard","has-post-thumbnail","hentry","category-news-2","category-news","tag-world-economic-institute"],"acf":[],"yoast_head":"<!-- This site is optimized with the Yoast SEO plugin v25.1 - https:\/\/yoast.com\/wordpress\/plugins\/seo\/ -->\n<title>Delegation from the Vietnam Academy of Social Sciences visits the Institute for World Economics - VGI<\/title>\n<meta name=\"robots\" content=\"index, follow, max-snippet:-1, max-image-preview:large, max-video-preview:-1\" \/>\n<link rel=\"canonical\" href=\"https:\/\/vgi.krtk.hu\/en\/delegation-from-the-vietnam-academy-of-social-sciences-visits-the-institute-for-world-economics\/\" \/>\n<meta property=\"og:locale\" content=\"en_US\" \/>\n<meta property=\"og:type\" content=\"article\" \/>\n<meta property=\"og:title\" content=\"Delegation from the Vietnam Academy of Social Sciences visits the Institute for World Economics - VGI\" \/>\n<meta property=\"og:description\" content=\"Delegation from the Vietnam Academy of Social Sciences visits the Institute for World Economics On October 3, 2025, Emese Dobos hosted a delegation of researchers from the Vietnam Academy of Social Sciences (VASS). The members of the delegation were: Assoc. Prof. Dr. Nguyen Chien Thang \u2013 Director General of the Institute for European and Americas [&hellip;]\" \/>\n<meta property=\"og:url\" content=\"https:\/\/vgi.krtk.hu\/en\/delegation-from-the-vietnam-academy-of-social-sciences-visits-the-institute-for-world-economics\/\" \/>\n<meta property=\"og:site_name\" content=\"VGI\" \/>\n<meta property=\"article:published_time\" content=\"2025-10-03T13:35:25+00:00\" \/>\n<meta property=\"article:modified_time\" content=\"2025-10-10T17:32:37+00:00\" \/>\n<meta property=\"og:image\" content=\"https:\/\/vgi.krtk.hu\/wp-content\/uploads\/2025\/10\/MTA-10-scaled.jpg\" \/>\n\t<meta property=\"og:image:width\" content=\"2560\" \/>\n\t<meta property=\"og:image:height\" content=\"1920\" \/>\n\t<meta property=\"og:image:type\" content=\"image\/jpeg\" \/>\n<meta name=\"author\" content=\"Baller Zs\u00f3fia\" \/>\n<meta name=\"twitter:card\" content=\"summary_large_image\" \/>\n<meta name=\"twitter:label1\" content=\"Written by\" \/>\n\t<meta name=\"twitter:data1\" content=\"Baller Zs\u00f3fia\" \/>\n\t<meta name=\"twitter:label2\" content=\"Est. reading time\" \/>\n\t<meta name=\"twitter:data2\" content=\"2 minutes\" \/>\n<script type=\"application\/ld+json\" class=\"yoast-schema-graph\">{\"@context\":\"https:\/\/schema.org\",\"@graph\":[{\"@type\":\"Article\",\"@id\":\"https:\/\/vgi.krtk.hu\/en\/delegation-from-the-vietnam-academy-of-social-sciences-visits-the-institute-for-world-economics\/#article\",\"isPartOf\":{\"@id\":\"https:\/\/vgi.krtk.hu\/en\/delegation-from-the-vietnam-academy-of-social-sciences-visits-the-institute-for-world-economics\/\"},\"author\":{\"name\":\"Baller Zs\u00f3fia\",\"@id\":\"https:\/\/vgi.krtk.hu\/#\/schema\/person\/79c1c5c16f2f2d3468ce5101fc779da8\"},\"headline\":\"Delegation from the Vietnam Academy of Social Sciences visits the Institute for World Economics\",\"datePublished\":\"2025-10-03T13:35:25+00:00\",\"dateModified\":\"2025-10-10T17:32:37+00:00\",\"mainEntityOfPage\":{\"@id\":\"https:\/\/vgi.krtk.hu\/en\/delegation-from-the-vietnam-academy-of-social-sciences-visits-the-institute-for-world-economics\/\"},\"wordCount\":115,\"publisher\":{\"@id\":\"https:\/\/vgi.krtk.hu\/#organization\"},\"image\":{\"@id\":\"https:\/\/vgi.krtk.hu\/en\/delegation-from-the-vietnam-academy-of-social-sciences-visits-the-institute-for-world-economics\/#primaryimage\"},\"thumbnailUrl\":\"https:\/\/vgi.krtk.hu\/wp-content\/uploads\/2025\/10\/MTA-10-scaled.jpg\",\"keywords\":[\"World Economic Institute\"],\"articleSection\":[\"News\",\"News\"],\"inLanguage\":\"en-US\"},{\"@type\":\"WebPage\",\"@id\":\"https:\/\/vgi.krtk.hu\/en\/delegation-from-the-vietnam-academy-of-social-sciences-visits-the-institute-for-world-economics\/\",\"url\":\"https:\/\/vgi.krtk.hu\/en\/delegation-from-the-vietnam-academy-of-social-sciences-visits-the-institute-for-world-economics\/\",\"name\":\"Delegation from the Vietnam Academy of Social Sciences visits the Institute for World Economics - VGI\",\"isPartOf\":{\"@id\":\"https:\/\/vgi.krtk.hu\/#website\"},\"primaryImageOfPage\":{\"@id\":\"https:\/\/vgi.krtk.hu\/en\/delegation-from-the-vietnam-academy-of-social-sciences-visits-the-institute-for-world-economics\/#primaryimage\"},\"image\":{\"@id\":\"https:\/\/vgi.krtk.hu\/en\/delegation-from-the-vietnam-academy-of-social-sciences-visits-the-institute-for-world-economics\/#primaryimage\"},\"thumbnailUrl\":\"https:\/\/vgi.krtk.hu\/wp-content\/uploads\/2025\/10\/MTA-10-scaled.jpg\",\"datePublished\":\"2025-10-03T13:35:25+00:00\",\"dateModified\":\"2025-10-10T17:32:37+00:00\",\"inLanguage\":\"en-US\",\"potentialAction\":[{\"@type\":\"ReadAction\",\"target\":[\"https:\/\/vgi.krtk.hu\/en\/delegation-from-the-vietnam-academy-of-social-sciences-visits-the-institute-for-world-economics\/\"]}]},{\"@type\":\"ImageObject\",\"inLanguage\":\"en-US\",\"@id\":\"https:\/\/vgi.krtk.hu\/en\/delegation-from-the-vietnam-academy-of-social-sciences-visits-the-institute-for-world-economics\/#primaryimage\",\"url\":\"https:\/\/vgi.krtk.hu\/wp-content\/uploads\/2025\/10\/MTA-10-scaled.jpg\",\"contentUrl\":\"https:\/\/vgi.krtk.hu\/wp-content\/uploads\/2025\/10\/MTA-10-scaled.jpg\",\"width\":2560,\"height\":1920},{\"@type\":\"WebSite\",\"@id\":\"https:\/\/vgi.krtk.hu\/#website\",\"url\":\"https:\/\/vgi.krtk.hu\/\",\"name\":\"VGI\",\"description\":\"Vil\u00e1ggazdas\u00e1gi Int\u00e9zet\",\"publisher\":{\"@id\":\"https:\/\/vgi.krtk.hu\/#organization\"},\"potentialAction\":[{\"@type\":\"SearchAction\",\"target\":{\"@type\":\"EntryPoint\",\"urlTemplate\":\"https:\/\/vgi.krtk.hu\/?s={search_term_string}\"},\"query-input\":{\"@type\":\"PropertyValueSpecification\",\"valueRequired\":true,\"valueName\":\"search_term_string\"}}],\"inLanguage\":\"en-US\"},{\"@type\":\"Organization\",\"@id\":\"https:\/\/vgi.krtk.hu\/#organization\",\"name\":\"VGI\",\"url\":\"https:\/\/vgi.krtk.hu\/\",\"logo\":{\"@type\":\"ImageObject\",\"inLanguage\":\"en-US\",\"@id\":\"https:\/\/vgi.krtk.hu\/#\/schema\/logo\/image\/\",\"url\":\"https:\/\/vgi.krtk.hu\/wp-content\/uploads\/2022\/08\/cropped-Group-960-1.png\",\"contentUrl\":\"https:\/\/vgi.krtk.hu\/wp-content\/uploads\/2022\/08\/cropped-Group-960-1.png\",\"width\":199,\"height\":57,\"caption\":\"VGI\"},\"image\":{\"@id\":\"https:\/\/vgi.krtk.hu\/#\/schema\/logo\/image\/\"}},{\"@type\":\"Person\",\"@id\":\"https:\/\/vgi.krtk.hu\/#\/schema\/person\/79c1c5c16f2f2d3468ce5101fc779da8\",\"name\":\"Baller Zs\u00f3fia\",\"image\":{\"@type\":\"ImageObject\",\"inLanguage\":\"en-US\",\"@id\":\"https:\/\/vgi.krtk.hu\/#\/schema\/person\/image\/\",\"url\":\"https:\/\/secure.gravatar.com\/avatar\/1883b9ec31d8582eb571aa9df54403dd3a22746251cf260f7ab827718bb374be?s=96&d=mm&r=g\",\"contentUrl\":\"https:\/\/secure.gravatar.com\/avatar\/1883b9ec31d8582eb571aa9df54403dd3a22746251cf260f7ab827718bb374be?s=96&d=mm&r=g\",\"caption\":\"Baller Zs\u00f3fia\"},\"url\":\"https:\/\/vgi.krtk.hu\/en\/author\/ballerzs\/\"}]}<\/script>\n<!-- \/ Yoast SEO plugin. -->","yoast_head_json":{"title":"Delegation from the Vietnam Academy of Social Sciences visits the Institute for World Economics - VGI","robots":{"index":"index","follow":"follow","max-snippet":"max-snippet:-1","max-image-preview":"max-image-preview:large","max-video-preview":"max-video-preview:-1"},"canonical":"https:\/\/vgi.krtk.hu\/en\/delegation-from-the-vietnam-academy-of-social-sciences-visits-the-institute-for-world-economics\/","og_locale":"en_US","og_type":"article","og_title":"Delegation from the Vietnam Academy of Social Sciences visits the Institute for World Economics - VGI","og_description":"Delegation from the Vietnam Academy of Social Sciences visits the Institute for World Economics On October 3, 2025, Emese Dobos hosted a delegation of researchers from the Vietnam Academy of Social Sciences (VASS). The members of the delegation were: Assoc. Prof. Dr. Nguyen Chien Thang \u2013 Director General of the Institute for European and Americas [&hellip;]","og_url":"https:\/\/vgi.krtk.hu\/en\/delegation-from-the-vietnam-academy-of-social-sciences-visits-the-institute-for-world-economics\/","og_site_name":"VGI","article_published_time":"2025-10-03T13:35:25+00:00","article_modified_time":"2025-10-10T17:32:37+00:00","og_image":[{"width":2560,"height":1920,"url":"https:\/\/vgi.krtk.hu\/wp-content\/uploads\/2025\/10\/MTA-10-scaled.jpg","type":"image\/jpeg"}],"author":"Baller Zs\u00f3fia","twitter_card":"summary_large_image","twitter_misc":{"Written by":"Baller Zs\u00f3fia","Est. reading time":"2 minutes"},"schema":{"@context":"https:\/\/schema.org","@graph":[{"@type":"Article","@id":"https:\/\/vgi.krtk.hu\/en\/delegation-from-the-vietnam-academy-of-social-sciences-visits-the-institute-for-world-economics\/#article","isPartOf":{"@id":"https:\/\/vgi.krtk.hu\/en\/delegation-from-the-vietnam-academy-of-social-sciences-visits-the-institute-for-world-economics\/"},"author":{"name":"Baller Zs\u00f3fia","@id":"https:\/\/vgi.krtk.hu\/#\/schema\/person\/79c1c5c16f2f2d3468ce5101fc779da8"},"headline":"Delegation from the Vietnam Academy of Social Sciences visits the Institute for World Economics","datePublished":"2025-10-03T13:35:25+00:00","dateModified":"2025-10-10T17:32:37+00:00","mainEntityOfPage":{"@id":"https:\/\/vgi.krtk.hu\/en\/delegation-from-the-vietnam-academy-of-social-sciences-visits-the-institute-for-world-economics\/"},"wordCount":115,"publisher":{"@id":"https:\/\/vgi.krtk.hu\/#organization"},"image":{"@id":"https:\/\/vgi.krtk.hu\/en\/delegation-from-the-vietnam-academy-of-social-sciences-visits-the-institute-for-world-economics\/#primaryimage"},"thumbnailUrl":"https:\/\/vgi.krtk.hu\/wp-content\/uploads\/2025\/10\/MTA-10-scaled.jpg","keywords":["World Economic Institute"],"articleSection":["News","News"],"inLanguage":"en-US"},{"@type":"WebPage","@id":"https:\/\/vgi.krtk.hu\/en\/delegation-from-the-vietnam-academy-of-social-sciences-visits-the-institute-for-world-economics\/","url":"https:\/\/vgi.krtk.hu\/en\/delegation-from-the-vietnam-academy-of-social-sciences-visits-the-institute-for-world-economics\/","name":"Delegation from the Vietnam Academy of Social Sciences visits the Institute for World Economics - VGI","isPartOf":{"@id":"https:\/\/vgi.krtk.hu\/#website"},"primaryImageOfPage":{"@id":"https:\/\/vgi.krtk.hu\/en\/delegation-from-the-vietnam-academy-of-social-sciences-visits-the-institute-for-world-economics\/#primaryimage"},"image":{"@id":"https:\/\/vgi.krtk.hu\/en\/delegation-from-the-vietnam-academy-of-social-sciences-visits-the-institute-for-world-economics\/#primaryimage"},"thumbnailUrl":"https:\/\/vgi.krtk.hu\/wp-content\/uploads\/2025\/10\/MTA-10-scaled.jpg","datePublished":"2025-10-03T13:35:25+00:00","dateModified":"2025-10-10T17:32:37+00:00","inLanguage":"en-US","potentialAction":[{"@type":"ReadAction","target":["https:\/\/vgi.krtk.hu\/en\/delegation-from-the-vietnam-academy-of-social-sciences-visits-the-institute-for-world-economics\/"]}]},{"@type":"ImageObject","inLanguage":"en-US","@id":"https:\/\/vgi.krtk.hu\/en\/delegation-from-the-vietnam-academy-of-social-sciences-visits-the-institute-for-world-economics\/#primaryimage","url":"https:\/\/vgi.krtk.hu\/wp-content\/uploads\/2025\/10\/MTA-10-scaled.jpg","contentUrl":"https:\/\/vgi.krtk.hu\/wp-content\/uploads\/2025\/10\/MTA-10-scaled.jpg","width":2560,"height":1920},{"@type":"WebSite","@id":"https:\/\/vgi.krtk.hu\/#website","url":"https:\/\/vgi.krtk.hu\/","name":"VGI","description":"Vil\u00e1ggazdas\u00e1gi Int\u00e9zet","publisher":{"@id":"https:\/\/vgi.krtk.hu\/#organization"},"potentialAction":[{"@type":"SearchAction","target":{"@type":"EntryPoint","urlTemplate":"https:\/\/vgi.krtk.hu\/?s={search_term_string}"},"query-input":{"@type":"PropertyValueSpecification","valueRequired":true,"valueName":"search_term_string"}}],"inLanguage":"en-US"},{"@type":"Organization","@id":"https:\/\/vgi.krtk.hu\/#organization","name":"VGI","url":"https:\/\/vgi.krtk.hu\/","logo":{"@type":"ImageObject","inLanguage":"en-US","@id":"https:\/\/vgi.krtk.hu\/#\/schema\/logo\/image\/","url":"https:\/\/vgi.krtk.hu\/wp-content\/uploads\/2022\/08\/cropped-Group-960-1.png","contentUrl":"https:\/\/vgi.krtk.hu\/wp-content\/uploads\/2022\/08\/cropped-Group-960-1.png","width":199,"height":57,"caption":"VGI"},"image":{"@id":"https:\/\/vgi.krtk.hu\/#\/schema\/logo\/image\/"}},{"@type":"Person","@id":"https:\/\/vgi.krtk.hu\/#\/schema\/person\/79c1c5c16f2f2d3468ce5101fc779da8","name":"Baller Zs\u00f3fia","image":{"@type":"ImageObject","inLanguage":"en-US","@id":"https:\/\/vgi.krtk.hu\/#\/schema\/person\/image\/","url":"https:\/\/secure.gravatar.com\/avatar\/1883b9ec31d8582eb571aa9df54403dd3a22746251cf260f7ab827718bb374be?s=96&d=mm&r=g","contentUrl":"https:\/\/secure.gravatar.com\/avatar\/1883b9ec31d8582eb571aa9df54403dd3a22746251cf260f7ab827718bb374be?s=96&d=mm&r=g","caption":"Baller Zs\u00f3fia"},"url":"https:\/\/vgi.krtk.hu\/en\/author\/ballerzs\/"}]}},"_links":{"self":[{"href":"https:\/\/vgi.krtk.hu\/en\/wp-json\/wp\/v2\/posts\/11712","targetHints":{"allow":["GET"]}}],"collection":[{"href":"https:\/\/vgi.krtk.hu\/en\/wp-json\/wp\/v2\/posts"}],"about":[{"href":"https:\/\/vgi.krtk.hu\/en\/wp-json\/wp\/v2\/types\/post"}],"author":[{"embeddable":true,"href":"https:\/\/vgi.krtk.hu\/en\/wp-json\/wp\/v2\/users\/36"}],"replies":[{"embeddable":true,"href":"https:\/\/vgi.krtk.hu\/en\/wp-json\/wp\/v2\/comments?post=11712"}],"version-history":[{"count":2,"href":"https:\/\/vgi.krtk.hu\/en\/wp-json\/wp\/v2\/posts\/11712\/revisions"}],"predecessor-version":[{"id":11715,"href":"https:\/\/vgi.krtk.hu\/en\/wp-json\/wp\/v2\/posts\/11712\/revisions\/11715"}],"wp:featuredmedia":[{"embeddable":true,"href":"https:\/\/vgi.krtk.hu\/en\/wp-json\/wp\/v2\/media\/11705"}],"wp:attachment":[{"href":"https:\/\/vgi.krtk.hu\/en\/wp-json\/wp\/v2\/media?parent=11712"}],"wp:term":[{"taxonomy":"category","embeddable":true,"href":"https:\/\/vgi.krtk.hu\/en\/wp-json\/wp\/v2\/categories?post=11712"},{"taxonomy":"post_tag","embeddable":true,"href":"https:\/\/vgi.krtk.hu\/en\/wp-json\/wp\/v2\/tags?post=11712"}],"curies":[{"name":"wp","href":"https:\/\/api.w.org\/{rel}","templated":true}]}}