{"id":6798,"date":"2018-05-10T00:00:00","date_gmt":"2018-05-10T00:00:00","guid":{"rendered":"https:\/\/vki.stilldev2.work\/vendegvaro-guest-seminar-series-2018-05\/"},"modified":"2018-05-10T00:00:00","modified_gmt":"2018-05-10T00:00:00","slug":"vendegvaro-guest-seminar-series-2018-05","status":"publish","type":"post","link":"https:\/\/vgi.krtk.hu\/en\/vendegvaro-guest-seminar-series-2018-05\/","title":{"rendered":"Vend\u00e9gv\u00e1r\u00f3 \/ &quot;Guest seminar series&quot; &#8211; 2018-05"},"content":{"rendered":"<div class=\"migrated-content\">Our guest presenter will be:<strong>\u00d6ZLEM GEN\u00c7<\/strong>, Ankara University, Faculty of Political\u00a0Science<\/p>\n<p><strong><strong>Title:\u00a0<\/strong><\/strong> <\/p>\n<p>\u201cEvaluation of the industrial policy of the EU and<\/p>\n<p>Turkey in terms of global economic developments\u201d<\/p>\n<p><strong>Date:\u00a0<\/strong>10th May, 2018, Thursday, 10.00 \u2013 11.30 <\/p>\n<p><strong>Venue:<\/strong> MTA Hum\u00e1n Tudom\u00e1nyok Kutat\u00f3h\u00e1za, T. Building 4th floor 24.,4 T\u00f3th K\u00e1lm\u00e1n street, 1097 Budapest<\/p>\n<p><strong>Please, register at <a>vgi.titkarsag@krtk.mta.hu<\/a><\/strong><\/div>\n","protected":false},"excerpt":{"rendered":"<p>Evaluation of the industrial policy of the EU and <\/p>\n<p>Turkey in terms of global economic developments<\/p>\n","protected":false},"author":3,"featured_media":38,"comment_status":"open","ping_status":"open","sticky":false,"template":"","format":"standard","meta":{"_acf_changed":false,"inline_featured_image":false,"footnotes":"","_links_to":"","_links_to_target":""},"categories":[86],"tags":[],"class_list":["post-6798","post","type-post","status-publish","format-standard","has-post-thumbnail","hentry","category-news-2"],"acf":[],"yoast_head":"<!-- This site is optimized with the Yoast SEO plugin v25.1 - https:\/\/yoast.com\/wordpress\/plugins\/seo\/ -->\n<title>Vend\u00e9gv\u00e1r\u00f3 \/ &quot;Guest seminar series&quot; - 2018-05 - VGI<\/title>\n<meta name=\"robots\" content=\"index, follow, max-snippet:-1, max-image-preview:large, max-video-preview:-1\" \/>\n<link rel=\"canonical\" href=\"https:\/\/vgi.krtk.hu\/en\/vendegvaro-guest-seminar-series-2018-05\/\" \/>\n<meta property=\"og:locale\" content=\"en_US\" \/>\n<meta property=\"og:type\" content=\"article\" \/>\n<meta property=\"og:title\" content=\"Vend\u00e9gv\u00e1r\u00f3 \/ &quot;Guest seminar series&quot; - 2018-05 - VGI\" \/>\n<meta property=\"og:description\" content=\"Evaluation of the industrial policy of the EU and Turkey in terms of global economic developments\" \/>\n<meta property=\"og:url\" content=\"https:\/\/vgi.krtk.hu\/en\/vendegvaro-guest-seminar-series-2018-05\/\" \/>\n<meta property=\"og:site_name\" content=\"VGI\" \/>\n<meta property=\"article:published_time\" content=\"2018-05-10T00:00:00+00:00\" \/>\n<meta name=\"author\" content=\"mta_vki\" \/>\n<meta name=\"twitter:card\" content=\"summary_large_image\" \/>\n<meta name=\"twitter:label1\" content=\"Written by\" \/>\n\t<meta name=\"twitter:data1\" content=\"mta_vki\" \/>\n<script type=\"application\/ld+json\" class=\"yoast-schema-graph\">{\"@context\":\"https:\/\/schema.org\",\"@graph\":[{\"@type\":\"Article\",\"@id\":\"https:\/\/vgi.krtk.hu\/en\/vendegvaro-guest-seminar-series-2018-05\/#article\",\"isPartOf\":{\"@id\":\"https:\/\/vgi.krtk.hu\/en\/vendegvaro-guest-seminar-series-2018-05\/\"},\"author\":{\"name\":\"mta_vki\",\"@id\":\"https:\/\/vgi.krtk.hu\/#\/schema\/person\/5fc3c5bd0131a7a37053a11f153affd0\"},\"headline\":\"Vend\u00e9gv\u00e1r\u00f3 \/ &quot;Guest seminar series&quot; &#8211; 2018-05\",\"datePublished\":\"2018-05-10T00:00:00+00:00\",\"mainEntityOfPage\":{\"@id\":\"https:\/\/vgi.krtk.hu\/en\/vendegvaro-guest-seminar-series-2018-05\/\"},\"wordCount\":72,\"commentCount\":0,\"publisher\":{\"@id\":\"https:\/\/vgi.krtk.hu\/#organization\"},\"image\":{\"@id\":\"https:\/\/vgi.krtk.hu\/en\/vendegvaro-guest-seminar-series-2018-05\/#primaryimage\"},\"thumbnailUrl\":\"https:\/\/vgi.krtk.hu\/wp-content\/uploads\/2022\/05\/placeholder.png\",\"articleSection\":[\"News\"],\"inLanguage\":\"en-US\",\"potentialAction\":[{\"@type\":\"CommentAction\",\"name\":\"Comment\",\"target\":[\"https:\/\/vgi.krtk.hu\/en\/vendegvaro-guest-seminar-series-2018-05\/#respond\"]}]},{\"@type\":\"WebPage\",\"@id\":\"https:\/\/vgi.krtk.hu\/en\/vendegvaro-guest-seminar-series-2018-05\/\",\"url\":\"https:\/\/vgi.krtk.hu\/en\/vendegvaro-guest-seminar-series-2018-05\/\",\"name\":\"Vend\u00e9gv\u00e1r\u00f3 \/ &quot;Guest seminar series&quot; - 2018-05 - VGI\",\"isPartOf\":{\"@id\":\"https:\/\/vgi.krtk.hu\/#website\"},\"primaryImageOfPage\":{\"@id\":\"https:\/\/vgi.krtk.hu\/en\/vendegvaro-guest-seminar-series-2018-05\/#primaryimage\"},\"image\":{\"@id\":\"https:\/\/vgi.krtk.hu\/en\/vendegvaro-guest-seminar-series-2018-05\/#primaryimage\"},\"thumbnailUrl\":\"https:\/\/vgi.krtk.hu\/wp-content\/uploads\/2022\/05\/placeholder.png\",\"datePublished\":\"2018-05-10T00:00:00+00:00\",\"inLanguage\":\"en-US\",\"potentialAction\":[{\"@type\":\"ReadAction\",\"target\":[\"https:\/\/vgi.krtk.hu\/en\/vendegvaro-guest-seminar-series-2018-05\/\"]}]},{\"@type\":\"ImageObject\",\"inLanguage\":\"en-US\",\"@id\":\"https:\/\/vgi.krtk.hu\/en\/vendegvaro-guest-seminar-series-2018-05\/#primaryimage\",\"url\":\"https:\/\/vgi.krtk.hu\/wp-content\/uploads\/2022\/05\/placeholder.png\",\"contentUrl\":\"https:\/\/vgi.krtk.hu\/wp-content\/uploads\/2022\/05\/placeholder.png\",\"width\":1200,\"height\":800},{\"@type\":\"WebSite\",\"@id\":\"https:\/\/vgi.krtk.hu\/#website\",\"url\":\"https:\/\/vgi.krtk.hu\/\",\"name\":\"VGI\",\"description\":\"Vil\u00e1ggazdas\u00e1gi Int\u00e9zet\",\"publisher\":{\"@id\":\"https:\/\/vgi.krtk.hu\/#organization\"},\"potentialAction\":[{\"@type\":\"SearchAction\",\"target\":{\"@type\":\"EntryPoint\",\"urlTemplate\":\"https:\/\/vgi.krtk.hu\/?s={search_term_string}\"},\"query-input\":{\"@type\":\"PropertyValueSpecification\",\"valueRequired\":true,\"valueName\":\"search_term_string\"}}],\"inLanguage\":\"en-US\"},{\"@type\":\"Organization\",\"@id\":\"https:\/\/vgi.krtk.hu\/#organization\",\"name\":\"VGI\",\"url\":\"https:\/\/vgi.krtk.hu\/\",\"logo\":{\"@type\":\"ImageObject\",\"inLanguage\":\"en-US\",\"@id\":\"https:\/\/vgi.krtk.hu\/#\/schema\/logo\/image\/\",\"url\":\"https:\/\/vgi.krtk.hu\/wp-content\/uploads\/2022\/08\/cropped-Group-960-1.png\",\"contentUrl\":\"https:\/\/vgi.krtk.hu\/wp-content\/uploads\/2022\/08\/cropped-Group-960-1.png\",\"width\":199,\"height\":57,\"caption\":\"VGI\"},\"image\":{\"@id\":\"https:\/\/vgi.krtk.hu\/#\/schema\/logo\/image\/\"}},{\"@type\":\"Person\",\"@id\":\"https:\/\/vgi.krtk.hu\/#\/schema\/person\/5fc3c5bd0131a7a37053a11f153affd0\",\"name\":\"mta_vki\",\"image\":{\"@type\":\"ImageObject\",\"inLanguage\":\"en-US\",\"@id\":\"https:\/\/vgi.krtk.hu\/#\/schema\/person\/image\/\",\"url\":\"https:\/\/secure.gravatar.com\/avatar\/9292c701f4cf2fc32c596cbf769e07d0988141c2cf33c613e5328800c223ffcd?s=96&d=mm&r=g\",\"contentUrl\":\"https:\/\/secure.gravatar.com\/avatar\/9292c701f4cf2fc32c596cbf769e07d0988141c2cf33c613e5328800c223ffcd?s=96&d=mm&r=g\",\"caption\":\"mta_vki\"},\"url\":\"https:\/\/vgi.krtk.hu\/en\/author\/mta_vki\/\"}]}<\/script>\n<!-- \/ Yoast SEO plugin. -->","yoast_head_json":{"title":"Vend\u00e9gv\u00e1r\u00f3 \/ &quot;Guest seminar series&quot; - 2018-05 - VGI","robots":{"index":"index","follow":"follow","max-snippet":"max-snippet:-1","max-image-preview":"max-image-preview:large","max-video-preview":"max-video-preview:-1"},"canonical":"https:\/\/vgi.krtk.hu\/en\/vendegvaro-guest-seminar-series-2018-05\/","og_locale":"en_US","og_type":"article","og_title":"Vend\u00e9gv\u00e1r\u00f3 \/ &quot;Guest seminar series&quot; - 2018-05 - VGI","og_description":"Evaluation of the industrial policy of the EU and Turkey in terms of global economic developments","og_url":"https:\/\/vgi.krtk.hu\/en\/vendegvaro-guest-seminar-series-2018-05\/","og_site_name":"VGI","article_published_time":"2018-05-10T00:00:00+00:00","author":"mta_vki","twitter_card":"summary_large_image","twitter_misc":{"Written by":"mta_vki"},"schema":{"@context":"https:\/\/schema.org","@graph":[{"@type":"Article","@id":"https:\/\/vgi.krtk.hu\/en\/vendegvaro-guest-seminar-series-2018-05\/#article","isPartOf":{"@id":"https:\/\/vgi.krtk.hu\/en\/vendegvaro-guest-seminar-series-2018-05\/"},"author":{"name":"mta_vki","@id":"https:\/\/vgi.krtk.hu\/#\/schema\/person\/5fc3c5bd0131a7a37053a11f153affd0"},"headline":"Vend\u00e9gv\u00e1r\u00f3 \/ &quot;Guest seminar series&quot; &#8211; 2018-05","datePublished":"2018-05-10T00:00:00+00:00","mainEntityOfPage":{"@id":"https:\/\/vgi.krtk.hu\/en\/vendegvaro-guest-seminar-series-2018-05\/"},"wordCount":72,"commentCount":0,"publisher":{"@id":"https:\/\/vgi.krtk.hu\/#organization"},"image":{"@id":"https:\/\/vgi.krtk.hu\/en\/vendegvaro-guest-seminar-series-2018-05\/#primaryimage"},"thumbnailUrl":"https:\/\/vgi.krtk.hu\/wp-content\/uploads\/2022\/05\/placeholder.png","articleSection":["News"],"inLanguage":"en-US","potentialAction":[{"@type":"CommentAction","name":"Comment","target":["https:\/\/vgi.krtk.hu\/en\/vendegvaro-guest-seminar-series-2018-05\/#respond"]}]},{"@type":"WebPage","@id":"https:\/\/vgi.krtk.hu\/en\/vendegvaro-guest-seminar-series-2018-05\/","url":"https:\/\/vgi.krtk.hu\/en\/vendegvaro-guest-seminar-series-2018-05\/","name":"Vend\u00e9gv\u00e1r\u00f3 \/ &quot;Guest seminar series&quot; - 2018-05 - VGI","isPartOf":{"@id":"https:\/\/vgi.krtk.hu\/#website"},"primaryImageOfPage":{"@id":"https:\/\/vgi.krtk.hu\/en\/vendegvaro-guest-seminar-series-2018-05\/#primaryimage"},"image":{"@id":"https:\/\/vgi.krtk.hu\/en\/vendegvaro-guest-seminar-series-2018-05\/#primaryimage"},"thumbnailUrl":"https:\/\/vgi.krtk.hu\/wp-content\/uploads\/2022\/05\/placeholder.png","datePublished":"2018-05-10T00:00:00+00:00","inLanguage":"en-US","potentialAction":[{"@type":"ReadAction","target":["https:\/\/vgi.krtk.hu\/en\/vendegvaro-guest-seminar-series-2018-05\/"]}]},{"@type":"ImageObject","inLanguage":"en-US","@id":"https:\/\/vgi.krtk.hu\/en\/vendegvaro-guest-seminar-series-2018-05\/#primaryimage","url":"https:\/\/vgi.krtk.hu\/wp-content\/uploads\/2022\/05\/placeholder.png","contentUrl":"https:\/\/vgi.krtk.hu\/wp-content\/uploads\/2022\/05\/placeholder.png","width":1200,"height":800},{"@type":"WebSite","@id":"https:\/\/vgi.krtk.hu\/#website","url":"https:\/\/vgi.krtk.hu\/","name":"VGI","description":"Vil\u00e1ggazdas\u00e1gi Int\u00e9zet","publisher":{"@id":"https:\/\/vgi.krtk.hu\/#organization"},"potentialAction":[{"@type":"SearchAction","target":{"@type":"EntryPoint","urlTemplate":"https:\/\/vgi.krtk.hu\/?s={search_term_string}"},"query-input":{"@type":"PropertyValueSpecification","valueRequired":true,"valueName":"search_term_string"}}],"inLanguage":"en-US"},{"@type":"Organization","@id":"https:\/\/vgi.krtk.hu\/#organization","name":"VGI","url":"https:\/\/vgi.krtk.hu\/","logo":{"@type":"ImageObject","inLanguage":"en-US","@id":"https:\/\/vgi.krtk.hu\/#\/schema\/logo\/image\/","url":"https:\/\/vgi.krtk.hu\/wp-content\/uploads\/2022\/08\/cropped-Group-960-1.png","contentUrl":"https:\/\/vgi.krtk.hu\/wp-content\/uploads\/2022\/08\/cropped-Group-960-1.png","width":199,"height":57,"caption":"VGI"},"image":{"@id":"https:\/\/vgi.krtk.hu\/#\/schema\/logo\/image\/"}},{"@type":"Person","@id":"https:\/\/vgi.krtk.hu\/#\/schema\/person\/5fc3c5bd0131a7a37053a11f153affd0","name":"mta_vki","image":{"@type":"ImageObject","inLanguage":"en-US","@id":"https:\/\/vgi.krtk.hu\/#\/schema\/person\/image\/","url":"https:\/\/secure.gravatar.com\/avatar\/9292c701f4cf2fc32c596cbf769e07d0988141c2cf33c613e5328800c223ffcd?s=96&d=mm&r=g","contentUrl":"https:\/\/secure.gravatar.com\/avatar\/9292c701f4cf2fc32c596cbf769e07d0988141c2cf33c613e5328800c223ffcd?s=96&d=mm&r=g","caption":"mta_vki"},"url":"https:\/\/vgi.krtk.hu\/en\/author\/mta_vki\/"}]}},"_links":{"self":[{"href":"https:\/\/vgi.krtk.hu\/en\/wp-json\/wp\/v2\/posts\/6798","targetHints":{"allow":["GET"]}}],"collection":[{"href":"https:\/\/vgi.krtk.hu\/en\/wp-json\/wp\/v2\/posts"}],"about":[{"href":"https:\/\/vgi.krtk.hu\/en\/wp-json\/wp\/v2\/types\/post"}],"author":[{"embeddable":true,"href":"https:\/\/vgi.krtk.hu\/en\/wp-json\/wp\/v2\/users\/3"}],"replies":[{"embeddable":true,"href":"https:\/\/vgi.krtk.hu\/en\/wp-json\/wp\/v2\/comments?post=6798"}],"version-history":[{"count":0,"href":"https:\/\/vgi.krtk.hu\/en\/wp-json\/wp\/v2\/posts\/6798\/revisions"}],"wp:featuredmedia":[{"embeddable":true,"href":"https:\/\/vgi.krtk.hu\/en\/wp-json\/wp\/v2\/media\/38"}],"wp:attachment":[{"href":"https:\/\/vgi.krtk.hu\/en\/wp-json\/wp\/v2\/media?parent=6798"}],"wp:term":[{"taxonomy":"category","embeddable":true,"href":"https:\/\/vgi.krtk.hu\/en\/wp-json\/wp\/v2\/categories?post=6798"},{"taxonomy":"post_tag","embeddable":true,"href":"https:\/\/vgi.krtk.hu\/en\/wp-json\/wp\/v2\/tags?post=6798"}],"curies":[{"name":"wp","href":"https:\/\/api.w.org\/{rel}","templated":true}]}}