{"id":7019,"date":"2018-11-20T00:00:00","date_gmt":"2018-11-20T00:00:00","guid":{"rendered":"https:\/\/vki.stilldev2.work\/experiences-with-chinese-investment-in-the-western-balkans-and-the-post-soviet-space-2018-11\/"},"modified":"2018-11-20T00:00:00","modified_gmt":"2018-11-20T00:00:00","slug":"experiences-with-chinese-investment-in-the-western-balkans-and-the-post-soviet-space-2018-11","status":"publish","type":"post","link":"https:\/\/vgi.krtk.hu\/en\/experiences-with-chinese-investment-in-the-western-balkans-and-the-post-soviet-space-2018-11\/","title":{"rendered":"Experiences with Chinese investment in the Western Balkans and the post-Soviet space &#8211; 2018-11"},"content":{"rendered":"<div class=\"migrated-content\">&#8220;Experiences with Chinese investment in the Western Balkans and\u00a0the post-Soviet space: Lessons for Central Europe?&#8221; c\u00edmmel a CEU\u00a0Center for European Neighborhood Studies \u00e9s a\u00a0Friedrich-Ebert-Stiftung konferenci\u00e1t szervez a t\u00e9rs\u00e9g\u00fcnkbe \u00e9rkez\u0151 k\u00ednai befektet\u00e9sekr\u0151l, illetve az azzal kapcsolatos tanuls\u00e1gokr\u00f3l.<\/p>\n<p>Munkat\u00e1rsunk, Szunom\u00e1r \u00c1gnes konferencia m\u00e1sodik panelj\u00e9nek el\u0151ad\u00f3ja lesz.<\/p>\n<p>Id\u0151pont:\u00a0November 20, 2018, 9.30<br \/>Helysz\u00edn: Central European University, 1051 Budapest, Nador utca 9, 102 \/ Popper Room<\/p>\n<p>A rendezv\u00e9ny programja <a href=\"https:\/\/cens.ceu.edu\/sites\/cens.ceu.edu\/files\/attachment\/event\/781\/conferenceagendachinacee20112018current.pdf\" target=\"_blank\" rel=\"noopener\">ide kattintva<\/a> \u00e9rhet\u0151 el.<\/p>\n<p>Tov\u00e1bbi r\u00e9szletek a CEU CENS weboldal\u00e1n:\u00a0<a href=\"https:\/\/cens.ceu.edu\/events\/2018-11-20\/experiences-chinese-investment-western-balkans-and-post-soviet-space-lessons\" target=\"_blank\" rel=\"noopener\">https:\/\/cens.ceu.edu\/events\/2018-11-20\/experiences-chinese-investment-western-balkans-and-post-soviet-space-lessons\u00a0<\/a><\/div>\n","protected":false},"excerpt":{"rendered":"<p>Szunom\u00e1r \u00c1gnes a CEU\u00a0CENS \u00e9s a\u00a0Friedrich-Ebert-Stiftung rendezv\u00e9ny\u00e9n<\/p>\n","protected":false},"author":3,"featured_media":38,"comment_status":"open","ping_status":"open","sticky":false,"template":"","format":"standard","meta":{"_acf_changed":false,"inline_featured_image":false,"footnotes":"","_links_to":"","_links_to_target":""},"categories":[86],"tags":[],"class_list":["post-7019","post","type-post","status-publish","format-standard","has-post-thumbnail","hentry","category-news-2"],"acf":[],"yoast_head":"<!-- This site is optimized with the Yoast SEO plugin v25.1 - https:\/\/yoast.com\/wordpress\/plugins\/seo\/ -->\n<title>Experiences with Chinese investment in the Western Balkans and the post-Soviet space - 2018-11 - VGI<\/title>\n<meta name=\"robots\" content=\"index, follow, max-snippet:-1, max-image-preview:large, max-video-preview:-1\" \/>\n<link rel=\"canonical\" href=\"https:\/\/vgi.krtk.hu\/en\/experiences-with-chinese-investment-in-the-western-balkans-and-the-post-soviet-space-2018-11\/\" \/>\n<meta property=\"og:locale\" content=\"en_US\" \/>\n<meta property=\"og:type\" content=\"article\" \/>\n<meta property=\"og:title\" content=\"Experiences with Chinese investment in the Western Balkans and the post-Soviet space - 2018-11 - VGI\" \/>\n<meta property=\"og:description\" content=\"Szunom\u00e1r \u00c1gnes a CEU\u00a0CENS \u00e9s a\u00a0Friedrich-Ebert-Stiftung rendezv\u00e9ny\u00e9n\" \/>\n<meta property=\"og:url\" content=\"https:\/\/vgi.krtk.hu\/en\/experiences-with-chinese-investment-in-the-western-balkans-and-the-post-soviet-space-2018-11\/\" \/>\n<meta property=\"og:site_name\" content=\"VGI\" \/>\n<meta property=\"article:published_time\" content=\"2018-11-20T00:00:00+00:00\" \/>\n<meta name=\"author\" content=\"mta_vki\" \/>\n<meta name=\"twitter:card\" content=\"summary_large_image\" \/>\n<meta name=\"twitter:label1\" content=\"Written by\" \/>\n\t<meta name=\"twitter:data1\" content=\"mta_vki\" \/>\n\t<meta name=\"twitter:label2\" content=\"Est. reading time\" \/>\n\t<meta name=\"twitter:data2\" content=\"1 minute\" \/>\n<script type=\"application\/ld+json\" class=\"yoast-schema-graph\">{\"@context\":\"https:\/\/schema.org\",\"@graph\":[{\"@type\":\"Article\",\"@id\":\"https:\/\/vgi.krtk.hu\/en\/experiences-with-chinese-investment-in-the-western-balkans-and-the-post-soviet-space-2018-11\/#article\",\"isPartOf\":{\"@id\":\"https:\/\/vgi.krtk.hu\/en\/experiences-with-chinese-investment-in-the-western-balkans-and-the-post-soviet-space-2018-11\/\"},\"author\":{\"name\":\"mta_vki\",\"@id\":\"https:\/\/vgi.krtk.hu\/#\/schema\/person\/5fc3c5bd0131a7a37053a11f153affd0\"},\"headline\":\"Experiences with Chinese investment in the Western Balkans and the post-Soviet space &#8211; 2018-11\",\"datePublished\":\"2018-11-20T00:00:00+00:00\",\"mainEntityOfPage\":{\"@id\":\"https:\/\/vgi.krtk.hu\/en\/experiences-with-chinese-investment-in-the-western-balkans-and-the-post-soviet-space-2018-11\/\"},\"wordCount\":115,\"commentCount\":0,\"publisher\":{\"@id\":\"https:\/\/vgi.krtk.hu\/#organization\"},\"image\":{\"@id\":\"https:\/\/vgi.krtk.hu\/en\/experiences-with-chinese-investment-in-the-western-balkans-and-the-post-soviet-space-2018-11\/#primaryimage\"},\"thumbnailUrl\":\"https:\/\/vgi.krtk.hu\/wp-content\/uploads\/2022\/05\/placeholder.png\",\"articleSection\":[\"News\"],\"inLanguage\":\"en-US\",\"potentialAction\":[{\"@type\":\"CommentAction\",\"name\":\"Comment\",\"target\":[\"https:\/\/vgi.krtk.hu\/en\/experiences-with-chinese-investment-in-the-western-balkans-and-the-post-soviet-space-2018-11\/#respond\"]}]},{\"@type\":\"WebPage\",\"@id\":\"https:\/\/vgi.krtk.hu\/en\/experiences-with-chinese-investment-in-the-western-balkans-and-the-post-soviet-space-2018-11\/\",\"url\":\"https:\/\/vgi.krtk.hu\/en\/experiences-with-chinese-investment-in-the-western-balkans-and-the-post-soviet-space-2018-11\/\",\"name\":\"Experiences with Chinese investment in the Western Balkans and the post-Soviet space - 2018-11 - VGI\",\"isPartOf\":{\"@id\":\"https:\/\/vgi.krtk.hu\/#website\"},\"primaryImageOfPage\":{\"@id\":\"https:\/\/vgi.krtk.hu\/en\/experiences-with-chinese-investment-in-the-western-balkans-and-the-post-soviet-space-2018-11\/#primaryimage\"},\"image\":{\"@id\":\"https:\/\/vgi.krtk.hu\/en\/experiences-with-chinese-investment-in-the-western-balkans-and-the-post-soviet-space-2018-11\/#primaryimage\"},\"thumbnailUrl\":\"https:\/\/vgi.krtk.hu\/wp-content\/uploads\/2022\/05\/placeholder.png\",\"datePublished\":\"2018-11-20T00:00:00+00:00\",\"inLanguage\":\"en-US\",\"potentialAction\":[{\"@type\":\"ReadAction\",\"target\":[\"https:\/\/vgi.krtk.hu\/en\/experiences-with-chinese-investment-in-the-western-balkans-and-the-post-soviet-space-2018-11\/\"]}]},{\"@type\":\"ImageObject\",\"inLanguage\":\"en-US\",\"@id\":\"https:\/\/vgi.krtk.hu\/en\/experiences-with-chinese-investment-in-the-western-balkans-and-the-post-soviet-space-2018-11\/#primaryimage\",\"url\":\"https:\/\/vgi.krtk.hu\/wp-content\/uploads\/2022\/05\/placeholder.png\",\"contentUrl\":\"https:\/\/vgi.krtk.hu\/wp-content\/uploads\/2022\/05\/placeholder.png\",\"width\":1200,\"height\":800},{\"@type\":\"WebSite\",\"@id\":\"https:\/\/vgi.krtk.hu\/#website\",\"url\":\"https:\/\/vgi.krtk.hu\/\",\"name\":\"VGI\",\"description\":\"Vil\u00e1ggazdas\u00e1gi Int\u00e9zet\",\"publisher\":{\"@id\":\"https:\/\/vgi.krtk.hu\/#organization\"},\"potentialAction\":[{\"@type\":\"SearchAction\",\"target\":{\"@type\":\"EntryPoint\",\"urlTemplate\":\"https:\/\/vgi.krtk.hu\/?s={search_term_string}\"},\"query-input\":{\"@type\":\"PropertyValueSpecification\",\"valueRequired\":true,\"valueName\":\"search_term_string\"}}],\"inLanguage\":\"en-US\"},{\"@type\":\"Organization\",\"@id\":\"https:\/\/vgi.krtk.hu\/#organization\",\"name\":\"VGI\",\"url\":\"https:\/\/vgi.krtk.hu\/\",\"logo\":{\"@type\":\"ImageObject\",\"inLanguage\":\"en-US\",\"@id\":\"https:\/\/vgi.krtk.hu\/#\/schema\/logo\/image\/\",\"url\":\"https:\/\/vgi.krtk.hu\/wp-content\/uploads\/2022\/08\/cropped-Group-960-1.png\",\"contentUrl\":\"https:\/\/vgi.krtk.hu\/wp-content\/uploads\/2022\/08\/cropped-Group-960-1.png\",\"width\":199,\"height\":57,\"caption\":\"VGI\"},\"image\":{\"@id\":\"https:\/\/vgi.krtk.hu\/#\/schema\/logo\/image\/\"}},{\"@type\":\"Person\",\"@id\":\"https:\/\/vgi.krtk.hu\/#\/schema\/person\/5fc3c5bd0131a7a37053a11f153affd0\",\"name\":\"mta_vki\",\"image\":{\"@type\":\"ImageObject\",\"inLanguage\":\"en-US\",\"@id\":\"https:\/\/vgi.krtk.hu\/#\/schema\/person\/image\/\",\"url\":\"https:\/\/secure.gravatar.com\/avatar\/9292c701f4cf2fc32c596cbf769e07d0988141c2cf33c613e5328800c223ffcd?s=96&d=mm&r=g\",\"contentUrl\":\"https:\/\/secure.gravatar.com\/avatar\/9292c701f4cf2fc32c596cbf769e07d0988141c2cf33c613e5328800c223ffcd?s=96&d=mm&r=g\",\"caption\":\"mta_vki\"},\"url\":\"https:\/\/vgi.krtk.hu\/en\/author\/mta_vki\/\"}]}<\/script>\n<!-- \/ Yoast SEO plugin. -->","yoast_head_json":{"title":"Experiences with Chinese investment in the Western Balkans and the post-Soviet space - 2018-11 - VGI","robots":{"index":"index","follow":"follow","max-snippet":"max-snippet:-1","max-image-preview":"max-image-preview:large","max-video-preview":"max-video-preview:-1"},"canonical":"https:\/\/vgi.krtk.hu\/en\/experiences-with-chinese-investment-in-the-western-balkans-and-the-post-soviet-space-2018-11\/","og_locale":"en_US","og_type":"article","og_title":"Experiences with Chinese investment in the Western Balkans and the post-Soviet space - 2018-11 - VGI","og_description":"Szunom\u00e1r \u00c1gnes a CEU\u00a0CENS \u00e9s a\u00a0Friedrich-Ebert-Stiftung rendezv\u00e9ny\u00e9n","og_url":"https:\/\/vgi.krtk.hu\/en\/experiences-with-chinese-investment-in-the-western-balkans-and-the-post-soviet-space-2018-11\/","og_site_name":"VGI","article_published_time":"2018-11-20T00:00:00+00:00","author":"mta_vki","twitter_card":"summary_large_image","twitter_misc":{"Written by":"mta_vki","Est. reading time":"1 minute"},"schema":{"@context":"https:\/\/schema.org","@graph":[{"@type":"Article","@id":"https:\/\/vgi.krtk.hu\/en\/experiences-with-chinese-investment-in-the-western-balkans-and-the-post-soviet-space-2018-11\/#article","isPartOf":{"@id":"https:\/\/vgi.krtk.hu\/en\/experiences-with-chinese-investment-in-the-western-balkans-and-the-post-soviet-space-2018-11\/"},"author":{"name":"mta_vki","@id":"https:\/\/vgi.krtk.hu\/#\/schema\/person\/5fc3c5bd0131a7a37053a11f153affd0"},"headline":"Experiences with Chinese investment in the Western Balkans and the post-Soviet space &#8211; 2018-11","datePublished":"2018-11-20T00:00:00+00:00","mainEntityOfPage":{"@id":"https:\/\/vgi.krtk.hu\/en\/experiences-with-chinese-investment-in-the-western-balkans-and-the-post-soviet-space-2018-11\/"},"wordCount":115,"commentCount":0,"publisher":{"@id":"https:\/\/vgi.krtk.hu\/#organization"},"image":{"@id":"https:\/\/vgi.krtk.hu\/en\/experiences-with-chinese-investment-in-the-western-balkans-and-the-post-soviet-space-2018-11\/#primaryimage"},"thumbnailUrl":"https:\/\/vgi.krtk.hu\/wp-content\/uploads\/2022\/05\/placeholder.png","articleSection":["News"],"inLanguage":"en-US","potentialAction":[{"@type":"CommentAction","name":"Comment","target":["https:\/\/vgi.krtk.hu\/en\/experiences-with-chinese-investment-in-the-western-balkans-and-the-post-soviet-space-2018-11\/#respond"]}]},{"@type":"WebPage","@id":"https:\/\/vgi.krtk.hu\/en\/experiences-with-chinese-investment-in-the-western-balkans-and-the-post-soviet-space-2018-11\/","url":"https:\/\/vgi.krtk.hu\/en\/experiences-with-chinese-investment-in-the-western-balkans-and-the-post-soviet-space-2018-11\/","name":"Experiences with Chinese investment in the Western Balkans and the post-Soviet space - 2018-11 - VGI","isPartOf":{"@id":"https:\/\/vgi.krtk.hu\/#website"},"primaryImageOfPage":{"@id":"https:\/\/vgi.krtk.hu\/en\/experiences-with-chinese-investment-in-the-western-balkans-and-the-post-soviet-space-2018-11\/#primaryimage"},"image":{"@id":"https:\/\/vgi.krtk.hu\/en\/experiences-with-chinese-investment-in-the-western-balkans-and-the-post-soviet-space-2018-11\/#primaryimage"},"thumbnailUrl":"https:\/\/vgi.krtk.hu\/wp-content\/uploads\/2022\/05\/placeholder.png","datePublished":"2018-11-20T00:00:00+00:00","inLanguage":"en-US","potentialAction":[{"@type":"ReadAction","target":["https:\/\/vgi.krtk.hu\/en\/experiences-with-chinese-investment-in-the-western-balkans-and-the-post-soviet-space-2018-11\/"]}]},{"@type":"ImageObject","inLanguage":"en-US","@id":"https:\/\/vgi.krtk.hu\/en\/experiences-with-chinese-investment-in-the-western-balkans-and-the-post-soviet-space-2018-11\/#primaryimage","url":"https:\/\/vgi.krtk.hu\/wp-content\/uploads\/2022\/05\/placeholder.png","contentUrl":"https:\/\/vgi.krtk.hu\/wp-content\/uploads\/2022\/05\/placeholder.png","width":1200,"height":800},{"@type":"WebSite","@id":"https:\/\/vgi.krtk.hu\/#website","url":"https:\/\/vgi.krtk.hu\/","name":"VGI","description":"Vil\u00e1ggazdas\u00e1gi Int\u00e9zet","publisher":{"@id":"https:\/\/vgi.krtk.hu\/#organization"},"potentialAction":[{"@type":"SearchAction","target":{"@type":"EntryPoint","urlTemplate":"https:\/\/vgi.krtk.hu\/?s={search_term_string}"},"query-input":{"@type":"PropertyValueSpecification","valueRequired":true,"valueName":"search_term_string"}}],"inLanguage":"en-US"},{"@type":"Organization","@id":"https:\/\/vgi.krtk.hu\/#organization","name":"VGI","url":"https:\/\/vgi.krtk.hu\/","logo":{"@type":"ImageObject","inLanguage":"en-US","@id":"https:\/\/vgi.krtk.hu\/#\/schema\/logo\/image\/","url":"https:\/\/vgi.krtk.hu\/wp-content\/uploads\/2022\/08\/cropped-Group-960-1.png","contentUrl":"https:\/\/vgi.krtk.hu\/wp-content\/uploads\/2022\/08\/cropped-Group-960-1.png","width":199,"height":57,"caption":"VGI"},"image":{"@id":"https:\/\/vgi.krtk.hu\/#\/schema\/logo\/image\/"}},{"@type":"Person","@id":"https:\/\/vgi.krtk.hu\/#\/schema\/person\/5fc3c5bd0131a7a37053a11f153affd0","name":"mta_vki","image":{"@type":"ImageObject","inLanguage":"en-US","@id":"https:\/\/vgi.krtk.hu\/#\/schema\/person\/image\/","url":"https:\/\/secure.gravatar.com\/avatar\/9292c701f4cf2fc32c596cbf769e07d0988141c2cf33c613e5328800c223ffcd?s=96&d=mm&r=g","contentUrl":"https:\/\/secure.gravatar.com\/avatar\/9292c701f4cf2fc32c596cbf769e07d0988141c2cf33c613e5328800c223ffcd?s=96&d=mm&r=g","caption":"mta_vki"},"url":"https:\/\/vgi.krtk.hu\/en\/author\/mta_vki\/"}]}},"_links":{"self":[{"href":"https:\/\/vgi.krtk.hu\/en\/wp-json\/wp\/v2\/posts\/7019","targetHints":{"allow":["GET"]}}],"collection":[{"href":"https:\/\/vgi.krtk.hu\/en\/wp-json\/wp\/v2\/posts"}],"about":[{"href":"https:\/\/vgi.krtk.hu\/en\/wp-json\/wp\/v2\/types\/post"}],"author":[{"embeddable":true,"href":"https:\/\/vgi.krtk.hu\/en\/wp-json\/wp\/v2\/users\/3"}],"replies":[{"embeddable":true,"href":"https:\/\/vgi.krtk.hu\/en\/wp-json\/wp\/v2\/comments?post=7019"}],"version-history":[{"count":0,"href":"https:\/\/vgi.krtk.hu\/en\/wp-json\/wp\/v2\/posts\/7019\/revisions"}],"wp:featuredmedia":[{"embeddable":true,"href":"https:\/\/vgi.krtk.hu\/en\/wp-json\/wp\/v2\/media\/38"}],"wp:attachment":[{"href":"https:\/\/vgi.krtk.hu\/en\/wp-json\/wp\/v2\/media?parent=7019"}],"wp:term":[{"taxonomy":"category","embeddable":true,"href":"https:\/\/vgi.krtk.hu\/en\/wp-json\/wp\/v2\/categories?post=7019"},{"taxonomy":"post_tag","embeddable":true,"href":"https:\/\/vgi.krtk.hu\/en\/wp-json\/wp\/v2\/tags?post=7019"}],"curies":[{"name":"wp","href":"https:\/\/api.w.org\/{rel}","templated":true}]}}