{"id":7022,"date":"2016-02-11T00:00:00","date_gmt":"2016-02-11T00:00:00","guid":{"rendered":"https:\/\/vki.stilldev2.work\/februari-vendegvaro-2016-02\/"},"modified":"2016-02-11T00:00:00","modified_gmt":"2016-02-11T00:00:00","slug":"februari-vendegvaro-2016-02","status":"publish","type":"post","link":"https:\/\/vgi.krtk.hu\/en\/februari-vendegvaro-2016-02\/","title":{"rendered":"Febru\u00e1ri VEND\u00c9GV\u00c1R\u00d3 &#8211; 2016-02"},"content":{"rendered":"<div class=\"migrated-content\">T\u00e9ma:\u00a0<strong>16+1 val\u00f3ban t\u00f6bb-e mint 17? &#8211; A K\u00edna-KKE egy\u00fcttm\u0171k\u00f6d\u00e9s: strat\u00e9gia vagy taktika?<\/strong><br \/>Megh\u00edvott el\u0151ad\u00f3:\u00a0<strong>Kusai S\u00e1ndor,<\/strong> diplomata, volt pekingi nagyk\u00f6vet<br \/>Felk\u00e9rt hozz\u00e1sz\u00f3l\u00f3: Szunom\u00e1r \u00c1gnes, kutat\u00f3csoport-vezet\u0151<\/p>\n<div><em>K\u00edna \u00e9s K\u00f6z\u00e9p- \u00e9s Kelet-Eur\u00f3pa (KKE) 16 orsz\u00e1g\u00e1nak egy\u00fcttm\u0171k\u00f6d\u00e9se 2011-ben indult Budapesten, 2012-t\u0151l stabiliz\u00e1l\u00f3dott Vars\u00f3ban, 2013-t\u00f3l int\u00e9zm\u00e9nyes\u00fclt Bukarestben, 2014-t\u0151l jelentek meg az igazi region\u00e1lis elemek Belgr\u00e1dban, 2015-t\u0151l \u00e1llt be a norm\u00e1lis \u00fcgymenetre Szucsouban (Suzhou). L\u00e9trej\u00f6tt\u00e9ben a k\u00ednai \u00e9s a magyar diplom\u00e1cia volt a kezdem\u00e9nyez\u0151, az el\u0151ad\u00f3 szem\u00e9lyes k\u00f6zrem\u0171k\u00f6d\u00e9s\u00e9vel. A KKE t\u00e9rs\u00e9g 20 \u00e9ves k\u00ednai elhanyagol\u00e1sa, illetve a 2008-2010-es vil\u00e1ggazdas\u00e1gi v\u00e1ls\u00e1g K\u00edn\u00e1ra \u00e9s Eur\u00f3p\u00e1ra, s azon bel\u00fcl a t\u00e9rs\u00e9g orsz\u00e1gaira gyakorolt hat\u00e1sai meghat\u00e1roz\u00f3 t\u00e9nyez\u0151k voltak az \u00e9rintett felek motiv\u00e1ci\u00f3iban. Ezekben &#8211; mind tartalmilag \u00e1ltal\u00e1ban, mind orsz\u00e1gonk\u00e9nt egyedileg &#8211; egyszerre \u00e9rv\u00e9nyes\u00fcltek strat\u00e9giai \u00e9s taktikai megfontol\u00e1sok, amelyek az \u00e9rintettek glob\u00e1lis, region\u00e1lis \u00e9s egyedi nemzeti \u00e9rdekei, t\u00f6rekv\u00e9sei, illetve azok politikai \u00e9s gazdas\u00e1gi elitjeik \u00e1ltali \u00e9rtelmez\u00e9se szerint jelentek meg. Az egy\u00fcttm\u0171k\u00f6d\u00e9s &#8211; mint minden multilater\u00e1lis \u00e1llamk\u00f6zi folyamat &#8211; \u00f6sszetett evol\u00faci\u00f3n ment \u00e9s megy \u00e1t, amelyet nemcsak a szerepl\u0151k befoly\u00e1solnak, hanem a nemzetk\u00f6zi k\u00f6zeg, valamint az egy\u00fcttm\u0171k\u00f6d\u00e9s sor\u00e1n felmer\u00fcl\u0151 kih\u00edv\u00e1sok \u00e9s probl\u00e9m\u00e1k is. Mindezek hat\u00e1s\u00e1ra m\u00e1ra egy saj\u00e1tos, egyedi von\u00e1sokat mutat\u00f3 multilater\u00e1lis egy\u00fcttm\u0171k\u00f6d\u00e9si forma alakult ki, amelynek perspekt\u00edv\u00e1i egyel\u0151re m\u00e9g nyitottak.<\/em><\/div>\n<p>Id\u0151pont: febru\u00e1r 11., 10.00 \u00f3ra.<br \/>Helysz\u00edn: Buda\u00f6rsi \u00fat 45, 804-es terem.<\/p>\n<p>A megh\u00edv\u00f3 az al\u00e1bbi ikonra kattintva let\u00f6lthet\u0151.<\/div>\n<div class='csatolmany'><a class='csatolmany-gomb' href='\/files\/Vend\u00e9gv\u00e1r\u00f3_2016febru\u00e1r.pdf' target='_blank' rel=\"noopener\">Download<\/a><\/div>\n","protected":false},"excerpt":{"rendered":"<p>A K\u00edna-KKE egy\u00fcttm\u0171k\u00f6d\u00e9s<\/p>\n","protected":false},"author":3,"featured_media":38,"comment_status":"open","ping_status":"open","sticky":false,"template":"","format":"standard","meta":{"_acf_changed":false,"inline_featured_image":false,"footnotes":"","_links_to":"","_links_to_target":""},"categories":[86],"tags":[],"class_list":["post-7022","post","type-post","status-publish","format-standard","has-post-thumbnail","hentry","category-news-2"],"acf":[],"yoast_head":"<!-- This site is optimized with the Yoast SEO plugin v25.1 - https:\/\/yoast.com\/wordpress\/plugins\/seo\/ -->\n<title>Febru\u00e1ri VEND\u00c9GV\u00c1R\u00d3 - 2016-02 - VGI<\/title>\n<meta name=\"robots\" content=\"index, follow, max-snippet:-1, max-image-preview:large, max-video-preview:-1\" \/>\n<link rel=\"canonical\" href=\"https:\/\/vgi.krtk.hu\/en\/februari-vendegvaro-2016-02\/\" \/>\n<meta property=\"og:locale\" content=\"en_US\" \/>\n<meta property=\"og:type\" content=\"article\" \/>\n<meta property=\"og:title\" content=\"Febru\u00e1ri VEND\u00c9GV\u00c1R\u00d3 - 2016-02 - VGI\" \/>\n<meta property=\"og:description\" content=\"A K\u00edna-KKE egy\u00fcttm\u0171k\u00f6d\u00e9s\" \/>\n<meta property=\"og:url\" content=\"https:\/\/vgi.krtk.hu\/en\/februari-vendegvaro-2016-02\/\" \/>\n<meta property=\"og:site_name\" content=\"VGI\" \/>\n<meta property=\"article:published_time\" content=\"2016-02-11T00:00:00+00:00\" \/>\n<meta name=\"author\" content=\"mta_vki\" \/>\n<meta name=\"twitter:card\" content=\"summary_large_image\" \/>\n<meta name=\"twitter:label1\" content=\"Written by\" \/>\n\t<meta name=\"twitter:data1\" content=\"mta_vki\" \/>\n\t<meta name=\"twitter:label2\" content=\"Est. reading time\" \/>\n\t<meta name=\"twitter:data2\" content=\"2 minutes\" \/>\n<script type=\"application\/ld+json\" class=\"yoast-schema-graph\">{\"@context\":\"https:\/\/schema.org\",\"@graph\":[{\"@type\":\"Article\",\"@id\":\"https:\/\/vgi.krtk.hu\/en\/februari-vendegvaro-2016-02\/#article\",\"isPartOf\":{\"@id\":\"https:\/\/vgi.krtk.hu\/en\/februari-vendegvaro-2016-02\/\"},\"author\":{\"name\":\"mta_vki\",\"@id\":\"https:\/\/vgi.krtk.hu\/#\/schema\/person\/5fc3c5bd0131a7a37053a11f153affd0\"},\"headline\":\"Febru\u00e1ri VEND\u00c9GV\u00c1R\u00d3 &#8211; 2016-02\",\"datePublished\":\"2016-02-11T00:00:00+00:00\",\"mainEntityOfPage\":{\"@id\":\"https:\/\/vgi.krtk.hu\/en\/februari-vendegvaro-2016-02\/\"},\"wordCount\":342,\"commentCount\":0,\"publisher\":{\"@id\":\"https:\/\/vgi.krtk.hu\/#organization\"},\"image\":{\"@id\":\"https:\/\/vgi.krtk.hu\/en\/februari-vendegvaro-2016-02\/#primaryimage\"},\"thumbnailUrl\":\"https:\/\/vgi.krtk.hu\/wp-content\/uploads\/2022\/05\/placeholder.png\",\"articleSection\":[\"News\"],\"inLanguage\":\"en-US\",\"potentialAction\":[{\"@type\":\"CommentAction\",\"name\":\"Comment\",\"target\":[\"https:\/\/vgi.krtk.hu\/en\/februari-vendegvaro-2016-02\/#respond\"]}]},{\"@type\":\"WebPage\",\"@id\":\"https:\/\/vgi.krtk.hu\/en\/februari-vendegvaro-2016-02\/\",\"url\":\"https:\/\/vgi.krtk.hu\/en\/februari-vendegvaro-2016-02\/\",\"name\":\"Febru\u00e1ri VEND\u00c9GV\u00c1R\u00d3 - 2016-02 - VGI\",\"isPartOf\":{\"@id\":\"https:\/\/vgi.krtk.hu\/#website\"},\"primaryImageOfPage\":{\"@id\":\"https:\/\/vgi.krtk.hu\/en\/februari-vendegvaro-2016-02\/#primaryimage\"},\"image\":{\"@id\":\"https:\/\/vgi.krtk.hu\/en\/februari-vendegvaro-2016-02\/#primaryimage\"},\"thumbnailUrl\":\"https:\/\/vgi.krtk.hu\/wp-content\/uploads\/2022\/05\/placeholder.png\",\"datePublished\":\"2016-02-11T00:00:00+00:00\",\"inLanguage\":\"en-US\",\"potentialAction\":[{\"@type\":\"ReadAction\",\"target\":[\"https:\/\/vgi.krtk.hu\/en\/februari-vendegvaro-2016-02\/\"]}]},{\"@type\":\"ImageObject\",\"inLanguage\":\"en-US\",\"@id\":\"https:\/\/vgi.krtk.hu\/en\/februari-vendegvaro-2016-02\/#primaryimage\",\"url\":\"https:\/\/vgi.krtk.hu\/wp-content\/uploads\/2022\/05\/placeholder.png\",\"contentUrl\":\"https:\/\/vgi.krtk.hu\/wp-content\/uploads\/2022\/05\/placeholder.png\",\"width\":1200,\"height\":800},{\"@type\":\"WebSite\",\"@id\":\"https:\/\/vgi.krtk.hu\/#website\",\"url\":\"https:\/\/vgi.krtk.hu\/\",\"name\":\"VGI\",\"description\":\"Vil\u00e1ggazdas\u00e1gi Int\u00e9zet\",\"publisher\":{\"@id\":\"https:\/\/vgi.krtk.hu\/#organization\"},\"potentialAction\":[{\"@type\":\"SearchAction\",\"target\":{\"@type\":\"EntryPoint\",\"urlTemplate\":\"https:\/\/vgi.krtk.hu\/?s={search_term_string}\"},\"query-input\":{\"@type\":\"PropertyValueSpecification\",\"valueRequired\":true,\"valueName\":\"search_term_string\"}}],\"inLanguage\":\"en-US\"},{\"@type\":\"Organization\",\"@id\":\"https:\/\/vgi.krtk.hu\/#organization\",\"name\":\"VGI\",\"url\":\"https:\/\/vgi.krtk.hu\/\",\"logo\":{\"@type\":\"ImageObject\",\"inLanguage\":\"en-US\",\"@id\":\"https:\/\/vgi.krtk.hu\/#\/schema\/logo\/image\/\",\"url\":\"https:\/\/vgi.krtk.hu\/wp-content\/uploads\/2022\/08\/cropped-Group-960-1.png\",\"contentUrl\":\"https:\/\/vgi.krtk.hu\/wp-content\/uploads\/2022\/08\/cropped-Group-960-1.png\",\"width\":199,\"height\":57,\"caption\":\"VGI\"},\"image\":{\"@id\":\"https:\/\/vgi.krtk.hu\/#\/schema\/logo\/image\/\"}},{\"@type\":\"Person\",\"@id\":\"https:\/\/vgi.krtk.hu\/#\/schema\/person\/5fc3c5bd0131a7a37053a11f153affd0\",\"name\":\"mta_vki\",\"image\":{\"@type\":\"ImageObject\",\"inLanguage\":\"en-US\",\"@id\":\"https:\/\/vgi.krtk.hu\/#\/schema\/person\/image\/\",\"url\":\"https:\/\/secure.gravatar.com\/avatar\/9292c701f4cf2fc32c596cbf769e07d0988141c2cf33c613e5328800c223ffcd?s=96&d=mm&r=g\",\"contentUrl\":\"https:\/\/secure.gravatar.com\/avatar\/9292c701f4cf2fc32c596cbf769e07d0988141c2cf33c613e5328800c223ffcd?s=96&d=mm&r=g\",\"caption\":\"mta_vki\"},\"url\":\"https:\/\/vgi.krtk.hu\/en\/author\/mta_vki\/\"}]}<\/script>\n<!-- \/ Yoast SEO plugin. -->","yoast_head_json":{"title":"Febru\u00e1ri VEND\u00c9GV\u00c1R\u00d3 - 2016-02 - VGI","robots":{"index":"index","follow":"follow","max-snippet":"max-snippet:-1","max-image-preview":"max-image-preview:large","max-video-preview":"max-video-preview:-1"},"canonical":"https:\/\/vgi.krtk.hu\/en\/februari-vendegvaro-2016-02\/","og_locale":"en_US","og_type":"article","og_title":"Febru\u00e1ri VEND\u00c9GV\u00c1R\u00d3 - 2016-02 - VGI","og_description":"A K\u00edna-KKE egy\u00fcttm\u0171k\u00f6d\u00e9s","og_url":"https:\/\/vgi.krtk.hu\/en\/februari-vendegvaro-2016-02\/","og_site_name":"VGI","article_published_time":"2016-02-11T00:00:00+00:00","author":"mta_vki","twitter_card":"summary_large_image","twitter_misc":{"Written by":"mta_vki","Est. reading time":"2 minutes"},"schema":{"@context":"https:\/\/schema.org","@graph":[{"@type":"Article","@id":"https:\/\/vgi.krtk.hu\/en\/februari-vendegvaro-2016-02\/#article","isPartOf":{"@id":"https:\/\/vgi.krtk.hu\/en\/februari-vendegvaro-2016-02\/"},"author":{"name":"mta_vki","@id":"https:\/\/vgi.krtk.hu\/#\/schema\/person\/5fc3c5bd0131a7a37053a11f153affd0"},"headline":"Febru\u00e1ri VEND\u00c9GV\u00c1R\u00d3 &#8211; 2016-02","datePublished":"2016-02-11T00:00:00+00:00","mainEntityOfPage":{"@id":"https:\/\/vgi.krtk.hu\/en\/februari-vendegvaro-2016-02\/"},"wordCount":342,"commentCount":0,"publisher":{"@id":"https:\/\/vgi.krtk.hu\/#organization"},"image":{"@id":"https:\/\/vgi.krtk.hu\/en\/februari-vendegvaro-2016-02\/#primaryimage"},"thumbnailUrl":"https:\/\/vgi.krtk.hu\/wp-content\/uploads\/2022\/05\/placeholder.png","articleSection":["News"],"inLanguage":"en-US","potentialAction":[{"@type":"CommentAction","name":"Comment","target":["https:\/\/vgi.krtk.hu\/en\/februari-vendegvaro-2016-02\/#respond"]}]},{"@type":"WebPage","@id":"https:\/\/vgi.krtk.hu\/en\/februari-vendegvaro-2016-02\/","url":"https:\/\/vgi.krtk.hu\/en\/februari-vendegvaro-2016-02\/","name":"Febru\u00e1ri VEND\u00c9GV\u00c1R\u00d3 - 2016-02 - VGI","isPartOf":{"@id":"https:\/\/vgi.krtk.hu\/#website"},"primaryImageOfPage":{"@id":"https:\/\/vgi.krtk.hu\/en\/februari-vendegvaro-2016-02\/#primaryimage"},"image":{"@id":"https:\/\/vgi.krtk.hu\/en\/februari-vendegvaro-2016-02\/#primaryimage"},"thumbnailUrl":"https:\/\/vgi.krtk.hu\/wp-content\/uploads\/2022\/05\/placeholder.png","datePublished":"2016-02-11T00:00:00+00:00","inLanguage":"en-US","potentialAction":[{"@type":"ReadAction","target":["https:\/\/vgi.krtk.hu\/en\/februari-vendegvaro-2016-02\/"]}]},{"@type":"ImageObject","inLanguage":"en-US","@id":"https:\/\/vgi.krtk.hu\/en\/februari-vendegvaro-2016-02\/#primaryimage","url":"https:\/\/vgi.krtk.hu\/wp-content\/uploads\/2022\/05\/placeholder.png","contentUrl":"https:\/\/vgi.krtk.hu\/wp-content\/uploads\/2022\/05\/placeholder.png","width":1200,"height":800},{"@type":"WebSite","@id":"https:\/\/vgi.krtk.hu\/#website","url":"https:\/\/vgi.krtk.hu\/","name":"VGI","description":"Vil\u00e1ggazdas\u00e1gi Int\u00e9zet","publisher":{"@id":"https:\/\/vgi.krtk.hu\/#organization"},"potentialAction":[{"@type":"SearchAction","target":{"@type":"EntryPoint","urlTemplate":"https:\/\/vgi.krtk.hu\/?s={search_term_string}"},"query-input":{"@type":"PropertyValueSpecification","valueRequired":true,"valueName":"search_term_string"}}],"inLanguage":"en-US"},{"@type":"Organization","@id":"https:\/\/vgi.krtk.hu\/#organization","name":"VGI","url":"https:\/\/vgi.krtk.hu\/","logo":{"@type":"ImageObject","inLanguage":"en-US","@id":"https:\/\/vgi.krtk.hu\/#\/schema\/logo\/image\/","url":"https:\/\/vgi.krtk.hu\/wp-content\/uploads\/2022\/08\/cropped-Group-960-1.png","contentUrl":"https:\/\/vgi.krtk.hu\/wp-content\/uploads\/2022\/08\/cropped-Group-960-1.png","width":199,"height":57,"caption":"VGI"},"image":{"@id":"https:\/\/vgi.krtk.hu\/#\/schema\/logo\/image\/"}},{"@type":"Person","@id":"https:\/\/vgi.krtk.hu\/#\/schema\/person\/5fc3c5bd0131a7a37053a11f153affd0","name":"mta_vki","image":{"@type":"ImageObject","inLanguage":"en-US","@id":"https:\/\/vgi.krtk.hu\/#\/schema\/person\/image\/","url":"https:\/\/secure.gravatar.com\/avatar\/9292c701f4cf2fc32c596cbf769e07d0988141c2cf33c613e5328800c223ffcd?s=96&d=mm&r=g","contentUrl":"https:\/\/secure.gravatar.com\/avatar\/9292c701f4cf2fc32c596cbf769e07d0988141c2cf33c613e5328800c223ffcd?s=96&d=mm&r=g","caption":"mta_vki"},"url":"https:\/\/vgi.krtk.hu\/en\/author\/mta_vki\/"}]}},"_links":{"self":[{"href":"https:\/\/vgi.krtk.hu\/en\/wp-json\/wp\/v2\/posts\/7022","targetHints":{"allow":["GET"]}}],"collection":[{"href":"https:\/\/vgi.krtk.hu\/en\/wp-json\/wp\/v2\/posts"}],"about":[{"href":"https:\/\/vgi.krtk.hu\/en\/wp-json\/wp\/v2\/types\/post"}],"author":[{"embeddable":true,"href":"https:\/\/vgi.krtk.hu\/en\/wp-json\/wp\/v2\/users\/3"}],"replies":[{"embeddable":true,"href":"https:\/\/vgi.krtk.hu\/en\/wp-json\/wp\/v2\/comments?post=7022"}],"version-history":[{"count":0,"href":"https:\/\/vgi.krtk.hu\/en\/wp-json\/wp\/v2\/posts\/7022\/revisions"}],"wp:featuredmedia":[{"embeddable":true,"href":"https:\/\/vgi.krtk.hu\/en\/wp-json\/wp\/v2\/media\/38"}],"wp:attachment":[{"href":"https:\/\/vgi.krtk.hu\/en\/wp-json\/wp\/v2\/media?parent=7022"}],"wp:term":[{"taxonomy":"category","embeddable":true,"href":"https:\/\/vgi.krtk.hu\/en\/wp-json\/wp\/v2\/categories?post=7022"},{"taxonomy":"post_tag","embeddable":true,"href":"https:\/\/vgi.krtk.hu\/en\/wp-json\/wp\/v2\/tags?post=7022"}],"curies":[{"name":"wp","href":"https:\/\/api.w.org\/{rel}","templated":true}]}}