{"id":7089,"date":"2022-09-30T00:00:00","date_gmt":"2022-09-30T00:00:00","guid":{"rendered":"https:\/\/vki.stilldev2.work\/kutatok-ejszakaja-a-vgi-ben-2022-09\/"},"modified":"2022-12-14T22:22:07","modified_gmt":"2022-12-14T22:22:07","slug":"kutatok-ejszakaja-a-vgi-ben-2022-09","status":"publish","type":"post","link":"https:\/\/vgi.krtk.hu\/en\/kutatok-ejszakaja-a-vgi-ben-2022-09\/","title":{"rendered":"Kutat\u00f3k \u00c9jszak\u00e1ja a VGI-ben &#8211; 2022-09"},"content":{"rendered":"<div class=\"migrated-content\">\n<p>A KRTK Vil\u00e1ggazdas\u00e1gi Int\u00e9zet ez\u00faton szeretettel megh\u00edvja \u00d6nt a <strong>Kutat\u00f3k \u00c9jszak\u00e1ja<\/strong> sorozat 2022-es (hibrid) rendezv\u00e9ny\u00e9re, melynek t\u00e9m\u00e1ja:<\/p>\n<p><strong>Fenntarthat\u00f3-e a vil\u00e1gunk \u2013 a fenntarthat\u00f3s\u00e1g k\u00e9rd\u00e9se a vil\u00e1ggazdas\u00e1g \u00e9s vil\u00e1gpolitika folyamataiban<\/strong><\/p>\n<p><em>el\u0151ad\u00e1s \u00e9s kerekasztal besz\u00e9lget\u00e9s<\/em><\/p>\n<p>Int\u00e9zet\u00fcnk vil\u00e1ggazdas\u00e1ggal \u00e9s vil\u00e1gpolitik\u00e1val kapcsolatos kutat\u00e1si ter\u00fcletein bel\u00fcl a fenntarthat\u00f3s\u00e1g k\u00e9rd\u00e9se, mint napjaink legaktu\u00e1lisabb probl\u00e9m\u00e1ja, kiemelten jelenik meg. Kutat\u00f3ink a t\u00e1rsadalomtudom\u00e1nyok k\u00fcl\u00f6nb\u00f6z\u0151 szakter\u00fcleteit k\u00e9pviselve a fenntarthat\u00f3s\u00e1g k\u00fcl\u00f6nb\u00f6z\u0151 (gazdas\u00e1gi, t\u00e1rsadalmi, k\u00f6rnyezeti, politikai) szempontjaival foglalkoznak. A programon elhangz\u00f3 el\u0151ad\u00e1sokban illusztrat\u00edvan igyeksz\u00fcnk bemutatni a k\u00f6z\u00f6ns\u00e9g sz\u00e1m\u00e1ra n\u00e9h\u00e1ny t\u00e9m\u00e1t az int\u00e9zetben foly\u00f3 aktu\u00e1lis kutat\u00e1sainkb\u00f3l.<\/p>\n<p><strong>El\u0151ad\u00f3k:<\/strong><\/p>\n<ul>\n<li>Dobos Emese: <em>\u201eVeg\u00e1n\u201d b\u0151r, \u00fajrahasznos\u00edt\u00e1s \u00e9s haszn\u00e1lt ruh\u00e1k: lehet-e fenntarthat\u00f3bb a divat?<\/em><\/li>\n<li>Ker\u00e9nyi \u00c1d\u00e1m: <em>Kornai J\u00e1nos puha k\u00f6lts\u00e9gvet\u00e9si korl\u00e1t elm\u00e9let\u00e9nek relevanci\u00e1ja napjainkban<\/em><\/li>\n<li>Lak\u00f3cai Csaba: <em>Mennyire fenntarthat\u00f3 a j\u00f3l\u00e9t? Orsz\u00e1gok \u00f6sszehasonl\u00edt\u00e1sa a fenntarthat\u00f3s\u00e1g \u00e9s a t\u00e1rsadalmi j\u00f3ll\u00e9t tekintet\u00e9ben<\/em><\/li>\n<li>N. R\u00f3zsa Erzs\u00e9bet: <em>Egyiptom, a N\u00edlus aj\u00e1nd\u00e9ka, avagy fenntarthat\u00f3-e a l\u00e9t a civiliz\u00e1ci\u00f3 egyik b\u00f6lcs\u0151j\u00e9ben?<\/em><\/li>\n<li>Somai Mikl\u00f3s: <em>Fenntarthat\u00f3 volt-e a brit EU-tags\u00e1g?<\/em><\/li>\n<li>T\u00fary G\u00e1bor: <em>V\u00e1ls\u00e1g \u00e9s alkalmazkod\u00e1s az aut\u00f3iparban \u2013 a fenntarthat\u00f3 n\u00f6veked\u00e9s \u00f6sszetev\u0151i<\/em><\/li>\n<\/ul>\n<p><strong><br \/>\nId\u0151pont:<\/strong> 2022. szeptember 30., 18:00-19:30 \u00e9s 20:00-21:00<\/p>\n<p><strong>Helysz\u00edn:<\/strong> MTA Hum\u00e1n Tudom\u00e1nyok Kutat\u00f3h\u00e1za, 1097 Budapest, T\u00f3th K\u00e1lm\u00e1n utca 4. T. \u00e9p\u00fclet 4. emelet 24. \u00e9s Zoom<\/p>\n<p>Tov\u00e1bbi r\u00e9szletek a Kutat\u00f3k \u00c9jszak\u00e1ja honlapj\u00e1n<\/p>\n<p>El\u0151ad\u00e1sok: <a href=\"https:\/\/app.kutatokejszakaja.hu\/esemenyek\/kozgazdasag-es-regionalis-tudomanyi-kutatokozpont-vilaggazdasagi-intezet\/fenntarthato-e-a-vilagunk-a-fenntarthatosag-kerdese-a-vilaggazdasag-es-vilagpolitika-folyamataiban\">https:\/\/app.kutatokejszakaja.hu\/esemenyek\/kozgazdasag-es-regionalis-tudomanyi-kutatokozpont-vilaggazdasagi-intezet\/fenntarthato-e-a-vilagunk-a-fenntarthatosag-kerdese-a-vilaggazdasag-es-vilagpolitika-folyamataiban<\/a><\/p>\n<p>Kerekasztal besz\u00e9lget\u00e9s: <a href=\"https:\/\/app.kutatokejszakaja.hu\/esemenyek\/kozgazdasag-es-regionalis-tudomanyi-kutatokozpont-vilaggazdasagi-intezet\/fenntarthato-e-a-vilagunk\">https:\/\/app.kutatokejszakaja.hu\/esemenyek\/kozgazdasag-es-regionalis-tudomanyi-kutatokozpont-vilaggazdasagi-intezet\/fenntarthato-e-a-vilagunk<\/a><\/p>\n<\/div>\n","protected":false},"excerpt":{"rendered":"<p>Fenntarthat\u00f3-e a vil\u00e1gunk \u2013 a fenntarthat\u00f3s\u00e1g k\u00e9rd\u00e9se a vil\u00e1ggazdas\u00e1g \u00e9s vil\u00e1gpolitika folyamataiban<\/p>\n","protected":false},"author":3,"featured_media":8541,"comment_status":"open","ping_status":"open","sticky":false,"template":"","format":"standard","meta":{"_acf_changed":false,"inline_featured_image":false,"footnotes":"","_links_to":"","_links_to_target":""},"categories":[86],"tags":[],"class_list":["post-7089","post","type-post","status-publish","format-standard","has-post-thumbnail","hentry","category-news-2"],"acf":[],"yoast_head":"<!-- This site is optimized with the Yoast SEO plugin v25.1 - https:\/\/yoast.com\/wordpress\/plugins\/seo\/ -->\n<title>Kutat\u00f3k \u00c9jszak\u00e1ja a VGI-ben - 2022-09 - VGI<\/title>\n<meta name=\"robots\" content=\"index, follow, max-snippet:-1, max-image-preview:large, max-video-preview:-1\" \/>\n<link rel=\"canonical\" href=\"https:\/\/vgi.krtk.hu\/en\/kutatok-ejszakaja-a-vgi-ben-2022-09\/\" \/>\n<meta property=\"og:locale\" content=\"en_US\" \/>\n<meta property=\"og:type\" content=\"article\" \/>\n<meta property=\"og:title\" content=\"Kutat\u00f3k \u00c9jszak\u00e1ja a VGI-ben - 2022-09 - VGI\" \/>\n<meta property=\"og:description\" content=\"Fenntarthat\u00f3-e a vil\u00e1gunk \u2013 a fenntarthat\u00f3s\u00e1g k\u00e9rd\u00e9se a vil\u00e1ggazdas\u00e1g \u00e9s vil\u00e1gpolitika folyamataiban\" \/>\n<meta property=\"og:url\" content=\"https:\/\/vgi.krtk.hu\/en\/kutatok-ejszakaja-a-vgi-ben-2022-09\/\" \/>\n<meta property=\"og:site_name\" content=\"VGI\" \/>\n<meta property=\"article:published_time\" content=\"2022-09-30T00:00:00+00:00\" \/>\n<meta property=\"article:modified_time\" content=\"2022-12-14T22:22:07+00:00\" \/>\n<meta property=\"og:image\" content=\"https:\/\/vgi.krtk.hu\/wp-content\/uploads\/2022\/09\/Kutatok-ejszakaja.gif\" \/>\n\t<meta property=\"og:image:width\" content=\"395\" \/>\n\t<meta property=\"og:image:height\" content=\"528\" \/>\n\t<meta property=\"og:image:type\" content=\"image\/gif\" \/>\n<meta name=\"author\" content=\"mta_vki\" \/>\n<meta name=\"twitter:card\" content=\"summary_large_image\" \/>\n<meta name=\"twitter:label1\" content=\"Written by\" \/>\n\t<meta name=\"twitter:data1\" content=\"mta_vki\" \/>\n\t<meta name=\"twitter:label2\" content=\"Est. reading time\" \/>\n\t<meta name=\"twitter:data2\" content=\"2 minutes\" \/>\n<script type=\"application\/ld+json\" class=\"yoast-schema-graph\">{\"@context\":\"https:\/\/schema.org\",\"@graph\":[{\"@type\":\"Article\",\"@id\":\"https:\/\/vgi.krtk.hu\/en\/kutatok-ejszakaja-a-vgi-ben-2022-09\/#article\",\"isPartOf\":{\"@id\":\"https:\/\/vgi.krtk.hu\/en\/kutatok-ejszakaja-a-vgi-ben-2022-09\/\"},\"author\":{\"name\":\"mta_vki\",\"@id\":\"https:\/\/vgi.krtk.hu\/#\/schema\/person\/5fc3c5bd0131a7a37053a11f153affd0\"},\"headline\":\"Kutat\u00f3k \u00c9jszak\u00e1ja a VGI-ben &#8211; 2022-09\",\"datePublished\":\"2022-09-30T00:00:00+00:00\",\"dateModified\":\"2022-12-14T22:22:07+00:00\",\"mainEntityOfPage\":{\"@id\":\"https:\/\/vgi.krtk.hu\/en\/kutatok-ejszakaja-a-vgi-ben-2022-09\/\"},\"wordCount\":348,\"commentCount\":0,\"publisher\":{\"@id\":\"https:\/\/vgi.krtk.hu\/#organization\"},\"image\":{\"@id\":\"https:\/\/vgi.krtk.hu\/en\/kutatok-ejszakaja-a-vgi-ben-2022-09\/#primaryimage\"},\"thumbnailUrl\":\"https:\/\/vgi.krtk.hu\/wp-content\/uploads\/2022\/09\/Kutatok-ejszakaja.gif\",\"articleSection\":[\"News\"],\"inLanguage\":\"en-US\",\"potentialAction\":[{\"@type\":\"CommentAction\",\"name\":\"Comment\",\"target\":[\"https:\/\/vgi.krtk.hu\/en\/kutatok-ejszakaja-a-vgi-ben-2022-09\/#respond\"]}]},{\"@type\":\"WebPage\",\"@id\":\"https:\/\/vgi.krtk.hu\/en\/kutatok-ejszakaja-a-vgi-ben-2022-09\/\",\"url\":\"https:\/\/vgi.krtk.hu\/en\/kutatok-ejszakaja-a-vgi-ben-2022-09\/\",\"name\":\"Kutat\u00f3k \u00c9jszak\u00e1ja a VGI-ben - 2022-09 - VGI\",\"isPartOf\":{\"@id\":\"https:\/\/vgi.krtk.hu\/#website\"},\"primaryImageOfPage\":{\"@id\":\"https:\/\/vgi.krtk.hu\/en\/kutatok-ejszakaja-a-vgi-ben-2022-09\/#primaryimage\"},\"image\":{\"@id\":\"https:\/\/vgi.krtk.hu\/en\/kutatok-ejszakaja-a-vgi-ben-2022-09\/#primaryimage\"},\"thumbnailUrl\":\"https:\/\/vgi.krtk.hu\/wp-content\/uploads\/2022\/09\/Kutatok-ejszakaja.gif\",\"datePublished\":\"2022-09-30T00:00:00+00:00\",\"dateModified\":\"2022-12-14T22:22:07+00:00\",\"inLanguage\":\"en-US\",\"potentialAction\":[{\"@type\":\"ReadAction\",\"target\":[\"https:\/\/vgi.krtk.hu\/en\/kutatok-ejszakaja-a-vgi-ben-2022-09\/\"]}]},{\"@type\":\"ImageObject\",\"inLanguage\":\"en-US\",\"@id\":\"https:\/\/vgi.krtk.hu\/en\/kutatok-ejszakaja-a-vgi-ben-2022-09\/#primaryimage\",\"url\":\"https:\/\/vgi.krtk.hu\/wp-content\/uploads\/2022\/09\/Kutatok-ejszakaja.gif\",\"contentUrl\":\"https:\/\/vgi.krtk.hu\/wp-content\/uploads\/2022\/09\/Kutatok-ejszakaja.gif\",\"width\":395,\"height\":528},{\"@type\":\"WebSite\",\"@id\":\"https:\/\/vgi.krtk.hu\/#website\",\"url\":\"https:\/\/vgi.krtk.hu\/\",\"name\":\"VGI\",\"description\":\"Vil\u00e1ggazdas\u00e1gi Int\u00e9zet\",\"publisher\":{\"@id\":\"https:\/\/vgi.krtk.hu\/#organization\"},\"potentialAction\":[{\"@type\":\"SearchAction\",\"target\":{\"@type\":\"EntryPoint\",\"urlTemplate\":\"https:\/\/vgi.krtk.hu\/?s={search_term_string}\"},\"query-input\":{\"@type\":\"PropertyValueSpecification\",\"valueRequired\":true,\"valueName\":\"search_term_string\"}}],\"inLanguage\":\"en-US\"},{\"@type\":\"Organization\",\"@id\":\"https:\/\/vgi.krtk.hu\/#organization\",\"name\":\"VGI\",\"url\":\"https:\/\/vgi.krtk.hu\/\",\"logo\":{\"@type\":\"ImageObject\",\"inLanguage\":\"en-US\",\"@id\":\"https:\/\/vgi.krtk.hu\/#\/schema\/logo\/image\/\",\"url\":\"https:\/\/vgi.krtk.hu\/wp-content\/uploads\/2022\/08\/cropped-Group-960-1.png\",\"contentUrl\":\"https:\/\/vgi.krtk.hu\/wp-content\/uploads\/2022\/08\/cropped-Group-960-1.png\",\"width\":199,\"height\":57,\"caption\":\"VGI\"},\"image\":{\"@id\":\"https:\/\/vgi.krtk.hu\/#\/schema\/logo\/image\/\"}},{\"@type\":\"Person\",\"@id\":\"https:\/\/vgi.krtk.hu\/#\/schema\/person\/5fc3c5bd0131a7a37053a11f153affd0\",\"name\":\"mta_vki\",\"image\":{\"@type\":\"ImageObject\",\"inLanguage\":\"en-US\",\"@id\":\"https:\/\/vgi.krtk.hu\/#\/schema\/person\/image\/\",\"url\":\"https:\/\/secure.gravatar.com\/avatar\/9292c701f4cf2fc32c596cbf769e07d0988141c2cf33c613e5328800c223ffcd?s=96&d=mm&r=g\",\"contentUrl\":\"https:\/\/secure.gravatar.com\/avatar\/9292c701f4cf2fc32c596cbf769e07d0988141c2cf33c613e5328800c223ffcd?s=96&d=mm&r=g\",\"caption\":\"mta_vki\"},\"url\":\"https:\/\/vgi.krtk.hu\/en\/author\/mta_vki\/\"}]}<\/script>\n<!-- \/ Yoast SEO plugin. -->","yoast_head_json":{"title":"Kutat\u00f3k \u00c9jszak\u00e1ja a VGI-ben - 2022-09 - VGI","robots":{"index":"index","follow":"follow","max-snippet":"max-snippet:-1","max-image-preview":"max-image-preview:large","max-video-preview":"max-video-preview:-1"},"canonical":"https:\/\/vgi.krtk.hu\/en\/kutatok-ejszakaja-a-vgi-ben-2022-09\/","og_locale":"en_US","og_type":"article","og_title":"Kutat\u00f3k \u00c9jszak\u00e1ja a VGI-ben - 2022-09 - VGI","og_description":"Fenntarthat\u00f3-e a vil\u00e1gunk \u2013 a fenntarthat\u00f3s\u00e1g k\u00e9rd\u00e9se a vil\u00e1ggazdas\u00e1g \u00e9s vil\u00e1gpolitika folyamataiban","og_url":"https:\/\/vgi.krtk.hu\/en\/kutatok-ejszakaja-a-vgi-ben-2022-09\/","og_site_name":"VGI","article_published_time":"2022-09-30T00:00:00+00:00","article_modified_time":"2022-12-14T22:22:07+00:00","og_image":[{"width":395,"height":528,"url":"https:\/\/vgi.krtk.hu\/wp-content\/uploads\/2022\/09\/Kutatok-ejszakaja.gif","type":"image\/gif"}],"author":"mta_vki","twitter_card":"summary_large_image","twitter_misc":{"Written by":"mta_vki","Est. reading time":"2 minutes"},"schema":{"@context":"https:\/\/schema.org","@graph":[{"@type":"Article","@id":"https:\/\/vgi.krtk.hu\/en\/kutatok-ejszakaja-a-vgi-ben-2022-09\/#article","isPartOf":{"@id":"https:\/\/vgi.krtk.hu\/en\/kutatok-ejszakaja-a-vgi-ben-2022-09\/"},"author":{"name":"mta_vki","@id":"https:\/\/vgi.krtk.hu\/#\/schema\/person\/5fc3c5bd0131a7a37053a11f153affd0"},"headline":"Kutat\u00f3k \u00c9jszak\u00e1ja a VGI-ben &#8211; 2022-09","datePublished":"2022-09-30T00:00:00+00:00","dateModified":"2022-12-14T22:22:07+00:00","mainEntityOfPage":{"@id":"https:\/\/vgi.krtk.hu\/en\/kutatok-ejszakaja-a-vgi-ben-2022-09\/"},"wordCount":348,"commentCount":0,"publisher":{"@id":"https:\/\/vgi.krtk.hu\/#organization"},"image":{"@id":"https:\/\/vgi.krtk.hu\/en\/kutatok-ejszakaja-a-vgi-ben-2022-09\/#primaryimage"},"thumbnailUrl":"https:\/\/vgi.krtk.hu\/wp-content\/uploads\/2022\/09\/Kutatok-ejszakaja.gif","articleSection":["News"],"inLanguage":"en-US","potentialAction":[{"@type":"CommentAction","name":"Comment","target":["https:\/\/vgi.krtk.hu\/en\/kutatok-ejszakaja-a-vgi-ben-2022-09\/#respond"]}]},{"@type":"WebPage","@id":"https:\/\/vgi.krtk.hu\/en\/kutatok-ejszakaja-a-vgi-ben-2022-09\/","url":"https:\/\/vgi.krtk.hu\/en\/kutatok-ejszakaja-a-vgi-ben-2022-09\/","name":"Kutat\u00f3k \u00c9jszak\u00e1ja a VGI-ben - 2022-09 - VGI","isPartOf":{"@id":"https:\/\/vgi.krtk.hu\/#website"},"primaryImageOfPage":{"@id":"https:\/\/vgi.krtk.hu\/en\/kutatok-ejszakaja-a-vgi-ben-2022-09\/#primaryimage"},"image":{"@id":"https:\/\/vgi.krtk.hu\/en\/kutatok-ejszakaja-a-vgi-ben-2022-09\/#primaryimage"},"thumbnailUrl":"https:\/\/vgi.krtk.hu\/wp-content\/uploads\/2022\/09\/Kutatok-ejszakaja.gif","datePublished":"2022-09-30T00:00:00+00:00","dateModified":"2022-12-14T22:22:07+00:00","inLanguage":"en-US","potentialAction":[{"@type":"ReadAction","target":["https:\/\/vgi.krtk.hu\/en\/kutatok-ejszakaja-a-vgi-ben-2022-09\/"]}]},{"@type":"ImageObject","inLanguage":"en-US","@id":"https:\/\/vgi.krtk.hu\/en\/kutatok-ejszakaja-a-vgi-ben-2022-09\/#primaryimage","url":"https:\/\/vgi.krtk.hu\/wp-content\/uploads\/2022\/09\/Kutatok-ejszakaja.gif","contentUrl":"https:\/\/vgi.krtk.hu\/wp-content\/uploads\/2022\/09\/Kutatok-ejszakaja.gif","width":395,"height":528},{"@type":"WebSite","@id":"https:\/\/vgi.krtk.hu\/#website","url":"https:\/\/vgi.krtk.hu\/","name":"VGI","description":"Vil\u00e1ggazdas\u00e1gi Int\u00e9zet","publisher":{"@id":"https:\/\/vgi.krtk.hu\/#organization"},"potentialAction":[{"@type":"SearchAction","target":{"@type":"EntryPoint","urlTemplate":"https:\/\/vgi.krtk.hu\/?s={search_term_string}"},"query-input":{"@type":"PropertyValueSpecification","valueRequired":true,"valueName":"search_term_string"}}],"inLanguage":"en-US"},{"@type":"Organization","@id":"https:\/\/vgi.krtk.hu\/#organization","name":"VGI","url":"https:\/\/vgi.krtk.hu\/","logo":{"@type":"ImageObject","inLanguage":"en-US","@id":"https:\/\/vgi.krtk.hu\/#\/schema\/logo\/image\/","url":"https:\/\/vgi.krtk.hu\/wp-content\/uploads\/2022\/08\/cropped-Group-960-1.png","contentUrl":"https:\/\/vgi.krtk.hu\/wp-content\/uploads\/2022\/08\/cropped-Group-960-1.png","width":199,"height":57,"caption":"VGI"},"image":{"@id":"https:\/\/vgi.krtk.hu\/#\/schema\/logo\/image\/"}},{"@type":"Person","@id":"https:\/\/vgi.krtk.hu\/#\/schema\/person\/5fc3c5bd0131a7a37053a11f153affd0","name":"mta_vki","image":{"@type":"ImageObject","inLanguage":"en-US","@id":"https:\/\/vgi.krtk.hu\/#\/schema\/person\/image\/","url":"https:\/\/secure.gravatar.com\/avatar\/9292c701f4cf2fc32c596cbf769e07d0988141c2cf33c613e5328800c223ffcd?s=96&d=mm&r=g","contentUrl":"https:\/\/secure.gravatar.com\/avatar\/9292c701f4cf2fc32c596cbf769e07d0988141c2cf33c613e5328800c223ffcd?s=96&d=mm&r=g","caption":"mta_vki"},"url":"https:\/\/vgi.krtk.hu\/en\/author\/mta_vki\/"}]}},"_links":{"self":[{"href":"https:\/\/vgi.krtk.hu\/en\/wp-json\/wp\/v2\/posts\/7089","targetHints":{"allow":["GET"]}}],"collection":[{"href":"https:\/\/vgi.krtk.hu\/en\/wp-json\/wp\/v2\/posts"}],"about":[{"href":"https:\/\/vgi.krtk.hu\/en\/wp-json\/wp\/v2\/types\/post"}],"author":[{"embeddable":true,"href":"https:\/\/vgi.krtk.hu\/en\/wp-json\/wp\/v2\/users\/3"}],"replies":[{"embeddable":true,"href":"https:\/\/vgi.krtk.hu\/en\/wp-json\/wp\/v2\/comments?post=7089"}],"version-history":[{"count":2,"href":"https:\/\/vgi.krtk.hu\/en\/wp-json\/wp\/v2\/posts\/7089\/revisions"}],"predecessor-version":[{"id":8544,"href":"https:\/\/vgi.krtk.hu\/en\/wp-json\/wp\/v2\/posts\/7089\/revisions\/8544"}],"wp:featuredmedia":[{"embeddable":true,"href":"https:\/\/vgi.krtk.hu\/en\/wp-json\/wp\/v2\/media\/8541"}],"wp:attachment":[{"href":"https:\/\/vgi.krtk.hu\/en\/wp-json\/wp\/v2\/media?parent=7089"}],"wp:term":[{"taxonomy":"category","embeddable":true,"href":"https:\/\/vgi.krtk.hu\/en\/wp-json\/wp\/v2\/categories?post=7089"},{"taxonomy":"post_tag","embeddable":true,"href":"https:\/\/vgi.krtk.hu\/en\/wp-json\/wp\/v2\/tags?post=7089"}],"curies":[{"name":"wp","href":"https:\/\/api.w.org\/{rel}","templated":true}]}}