{"id":7102,"date":"2019-09-12T00:00:00","date_gmt":"2019-09-12T00:00:00","guid":{"rendered":"https:\/\/vki.stilldev2.work\/market-liberalism-and-economic-patriotism-in-the-capitalist-world-system-2019-09\/"},"modified":"2019-09-12T00:00:00","modified_gmt":"2019-09-12T00:00:00","slug":"market-liberalism-and-economic-patriotism-in-the-capitalist-world-system-2019-09","status":"publish","type":"post","link":"https:\/\/vgi.krtk.hu\/en\/market-liberalism-and-economic-patriotism-in-the-capitalist-world-system-2019-09\/","title":{"rendered":"Market Liberalism and Economic Patriotism in the Capitalist World System &#8211; 2019-09"},"content":{"rendered":"<div class=\"migrated-content\">\n<p>Institute of World Economics kindly invites you to the book review of &#8216;<em>Market Liberalism and Economic Patriotism in the Capitalist World System<\/em>&#8216; edited by Tam\u00e1cs Ger\u0151cs, junior research fellow and Mikl\u00f3s Szanyi, director of IWE. The book has been published by\u00a0Palgrave-MacMillan (2019).<\/p>\n<p> <strong><br \/>Keynote lecture:<\/strong>\u00a0&#8216;The Study of Global Capitalism: From Inter-national to Inter-temporal Comparison of Economic Institutions\u2019<br \/><strong>Presented by:<\/strong> Prof. Dr. Andreas N\u00f6lke,\u00a0Co-author, Goethe \u2013 Universit\u00e4t Frankfurt<\/p>\n<div>\n<p><strong>Date:<\/strong>\u00a012.09.2019., Thursday, 14.00-16.00<\/p>\n<p><strong>Venue:<\/strong>\u00a0Human Sciences Research Center,\u00a0Hungarian Academy of Sciences,\u00a01097 Budapest, T\u00f3th K\u00e1lm\u00e1n u. 4., Room K011-K012<\/p>\n<div class=\"bodytext\">Please download the flyer of the event by clicking the icon below.<\/div>\n<\/p><\/div>\n<\/div>\n<div class='csatolmany'><a class='csatolmany-gomb' href='\/files\/N\u00f6lke_20190912_flyer_b.pdf' target='_blank' rel=\"noopener\">Download<\/a><\/div>\n","protected":false},"excerpt":{"rendered":"<p>Book review\u00a0with keynote lecture by Andreas N\u00f6lke<\/p>\n","protected":false},"author":3,"featured_media":38,"comment_status":"open","ping_status":"open","sticky":false,"template":"","format":"standard","meta":{"_acf_changed":false,"inline_featured_image":false,"footnotes":"","_links_to":"","_links_to_target":""},"categories":[86],"tags":[],"class_list":["post-7102","post","type-post","status-publish","format-standard","has-post-thumbnail","hentry","category-news-2"],"acf":[],"yoast_head":"<!-- This site is optimized with the Yoast SEO plugin v25.1 - https:\/\/yoast.com\/wordpress\/plugins\/seo\/ -->\n<title>Market Liberalism and Economic Patriotism in the Capitalist World System - 2019-09 - VGI<\/title>\n<meta name=\"robots\" content=\"index, follow, max-snippet:-1, max-image-preview:large, max-video-preview:-1\" \/>\n<link rel=\"canonical\" href=\"https:\/\/vgi.krtk.hu\/en\/market-liberalism-and-economic-patriotism-in-the-capitalist-world-system-2019-09\/\" \/>\n<meta property=\"og:locale\" content=\"en_US\" \/>\n<meta property=\"og:type\" content=\"article\" \/>\n<meta property=\"og:title\" content=\"Market Liberalism and Economic Patriotism in the Capitalist World System - 2019-09 - VGI\" \/>\n<meta property=\"og:description\" content=\"Book review\u00a0with keynote lecture by Andreas N\u00f6lke\" \/>\n<meta property=\"og:url\" content=\"https:\/\/vgi.krtk.hu\/en\/market-liberalism-and-economic-patriotism-in-the-capitalist-world-system-2019-09\/\" \/>\n<meta property=\"og:site_name\" content=\"VGI\" \/>\n<meta property=\"article:published_time\" content=\"2019-09-12T00:00:00+00:00\" \/>\n<meta name=\"author\" content=\"mta_vki\" \/>\n<meta name=\"twitter:card\" content=\"summary_large_image\" \/>\n<meta name=\"twitter:label1\" content=\"Written by\" \/>\n\t<meta name=\"twitter:data1\" content=\"mta_vki\" \/>\n\t<meta name=\"twitter:label2\" content=\"Est. reading time\" \/>\n\t<meta name=\"twitter:data2\" content=\"1 minute\" \/>\n<script type=\"application\/ld+json\" class=\"yoast-schema-graph\">{\"@context\":\"https:\/\/schema.org\",\"@graph\":[{\"@type\":\"Article\",\"@id\":\"https:\/\/vgi.krtk.hu\/en\/market-liberalism-and-economic-patriotism-in-the-capitalist-world-system-2019-09\/#article\",\"isPartOf\":{\"@id\":\"https:\/\/vgi.krtk.hu\/en\/market-liberalism-and-economic-patriotism-in-the-capitalist-world-system-2019-09\/\"},\"author\":{\"name\":\"mta_vki\",\"@id\":\"https:\/\/vgi.krtk.hu\/#\/schema\/person\/5fc3c5bd0131a7a37053a11f153affd0\"},\"headline\":\"Market Liberalism and Economic Patriotism in the Capitalist World System &#8211; 2019-09\",\"datePublished\":\"2019-09-12T00:00:00+00:00\",\"mainEntityOfPage\":{\"@id\":\"https:\/\/vgi.krtk.hu\/en\/market-liberalism-and-economic-patriotism-in-the-capitalist-world-system-2019-09\/\"},\"wordCount\":119,\"commentCount\":0,\"publisher\":{\"@id\":\"https:\/\/vgi.krtk.hu\/#organization\"},\"image\":{\"@id\":\"https:\/\/vgi.krtk.hu\/en\/market-liberalism-and-economic-patriotism-in-the-capitalist-world-system-2019-09\/#primaryimage\"},\"thumbnailUrl\":\"https:\/\/vgi.krtk.hu\/wp-content\/uploads\/2022\/05\/placeholder.png\",\"articleSection\":[\"News\"],\"inLanguage\":\"en-US\",\"potentialAction\":[{\"@type\":\"CommentAction\",\"name\":\"Comment\",\"target\":[\"https:\/\/vgi.krtk.hu\/en\/market-liberalism-and-economic-patriotism-in-the-capitalist-world-system-2019-09\/#respond\"]}]},{\"@type\":\"WebPage\",\"@id\":\"https:\/\/vgi.krtk.hu\/en\/market-liberalism-and-economic-patriotism-in-the-capitalist-world-system-2019-09\/\",\"url\":\"https:\/\/vgi.krtk.hu\/en\/market-liberalism-and-economic-patriotism-in-the-capitalist-world-system-2019-09\/\",\"name\":\"Market Liberalism and Economic Patriotism in the Capitalist World System - 2019-09 - VGI\",\"isPartOf\":{\"@id\":\"https:\/\/vgi.krtk.hu\/#website\"},\"primaryImageOfPage\":{\"@id\":\"https:\/\/vgi.krtk.hu\/en\/market-liberalism-and-economic-patriotism-in-the-capitalist-world-system-2019-09\/#primaryimage\"},\"image\":{\"@id\":\"https:\/\/vgi.krtk.hu\/en\/market-liberalism-and-economic-patriotism-in-the-capitalist-world-system-2019-09\/#primaryimage\"},\"thumbnailUrl\":\"https:\/\/vgi.krtk.hu\/wp-content\/uploads\/2022\/05\/placeholder.png\",\"datePublished\":\"2019-09-12T00:00:00+00:00\",\"inLanguage\":\"en-US\",\"potentialAction\":[{\"@type\":\"ReadAction\",\"target\":[\"https:\/\/vgi.krtk.hu\/en\/market-liberalism-and-economic-patriotism-in-the-capitalist-world-system-2019-09\/\"]}]},{\"@type\":\"ImageObject\",\"inLanguage\":\"en-US\",\"@id\":\"https:\/\/vgi.krtk.hu\/en\/market-liberalism-and-economic-patriotism-in-the-capitalist-world-system-2019-09\/#primaryimage\",\"url\":\"https:\/\/vgi.krtk.hu\/wp-content\/uploads\/2022\/05\/placeholder.png\",\"contentUrl\":\"https:\/\/vgi.krtk.hu\/wp-content\/uploads\/2022\/05\/placeholder.png\",\"width\":1200,\"height\":800},{\"@type\":\"WebSite\",\"@id\":\"https:\/\/vgi.krtk.hu\/#website\",\"url\":\"https:\/\/vgi.krtk.hu\/\",\"name\":\"VGI\",\"description\":\"Vil\u00e1ggazdas\u00e1gi Int\u00e9zet\",\"publisher\":{\"@id\":\"https:\/\/vgi.krtk.hu\/#organization\"},\"potentialAction\":[{\"@type\":\"SearchAction\",\"target\":{\"@type\":\"EntryPoint\",\"urlTemplate\":\"https:\/\/vgi.krtk.hu\/?s={search_term_string}\"},\"query-input\":{\"@type\":\"PropertyValueSpecification\",\"valueRequired\":true,\"valueName\":\"search_term_string\"}}],\"inLanguage\":\"en-US\"},{\"@type\":\"Organization\",\"@id\":\"https:\/\/vgi.krtk.hu\/#organization\",\"name\":\"VGI\",\"url\":\"https:\/\/vgi.krtk.hu\/\",\"logo\":{\"@type\":\"ImageObject\",\"inLanguage\":\"en-US\",\"@id\":\"https:\/\/vgi.krtk.hu\/#\/schema\/logo\/image\/\",\"url\":\"https:\/\/vgi.krtk.hu\/wp-content\/uploads\/2022\/08\/cropped-Group-960-1.png\",\"contentUrl\":\"https:\/\/vgi.krtk.hu\/wp-content\/uploads\/2022\/08\/cropped-Group-960-1.png\",\"width\":199,\"height\":57,\"caption\":\"VGI\"},\"image\":{\"@id\":\"https:\/\/vgi.krtk.hu\/#\/schema\/logo\/image\/\"}},{\"@type\":\"Person\",\"@id\":\"https:\/\/vgi.krtk.hu\/#\/schema\/person\/5fc3c5bd0131a7a37053a11f153affd0\",\"name\":\"mta_vki\",\"image\":{\"@type\":\"ImageObject\",\"inLanguage\":\"en-US\",\"@id\":\"https:\/\/vgi.krtk.hu\/#\/schema\/person\/image\/\",\"url\":\"https:\/\/secure.gravatar.com\/avatar\/9292c701f4cf2fc32c596cbf769e07d0988141c2cf33c613e5328800c223ffcd?s=96&d=mm&r=g\",\"contentUrl\":\"https:\/\/secure.gravatar.com\/avatar\/9292c701f4cf2fc32c596cbf769e07d0988141c2cf33c613e5328800c223ffcd?s=96&d=mm&r=g\",\"caption\":\"mta_vki\"},\"url\":\"https:\/\/vgi.krtk.hu\/en\/author\/mta_vki\/\"}]}<\/script>\n<!-- \/ Yoast SEO plugin. -->","yoast_head_json":{"title":"Market Liberalism and Economic Patriotism in the Capitalist World System - 2019-09 - VGI","robots":{"index":"index","follow":"follow","max-snippet":"max-snippet:-1","max-image-preview":"max-image-preview:large","max-video-preview":"max-video-preview:-1"},"canonical":"https:\/\/vgi.krtk.hu\/en\/market-liberalism-and-economic-patriotism-in-the-capitalist-world-system-2019-09\/","og_locale":"en_US","og_type":"article","og_title":"Market Liberalism and Economic Patriotism in the Capitalist World System - 2019-09 - VGI","og_description":"Book review\u00a0with keynote lecture by Andreas N\u00f6lke","og_url":"https:\/\/vgi.krtk.hu\/en\/market-liberalism-and-economic-patriotism-in-the-capitalist-world-system-2019-09\/","og_site_name":"VGI","article_published_time":"2019-09-12T00:00:00+00:00","author":"mta_vki","twitter_card":"summary_large_image","twitter_misc":{"Written by":"mta_vki","Est. reading time":"1 minute"},"schema":{"@context":"https:\/\/schema.org","@graph":[{"@type":"Article","@id":"https:\/\/vgi.krtk.hu\/en\/market-liberalism-and-economic-patriotism-in-the-capitalist-world-system-2019-09\/#article","isPartOf":{"@id":"https:\/\/vgi.krtk.hu\/en\/market-liberalism-and-economic-patriotism-in-the-capitalist-world-system-2019-09\/"},"author":{"name":"mta_vki","@id":"https:\/\/vgi.krtk.hu\/#\/schema\/person\/5fc3c5bd0131a7a37053a11f153affd0"},"headline":"Market Liberalism and Economic Patriotism in the Capitalist World System &#8211; 2019-09","datePublished":"2019-09-12T00:00:00+00:00","mainEntityOfPage":{"@id":"https:\/\/vgi.krtk.hu\/en\/market-liberalism-and-economic-patriotism-in-the-capitalist-world-system-2019-09\/"},"wordCount":119,"commentCount":0,"publisher":{"@id":"https:\/\/vgi.krtk.hu\/#organization"},"image":{"@id":"https:\/\/vgi.krtk.hu\/en\/market-liberalism-and-economic-patriotism-in-the-capitalist-world-system-2019-09\/#primaryimage"},"thumbnailUrl":"https:\/\/vgi.krtk.hu\/wp-content\/uploads\/2022\/05\/placeholder.png","articleSection":["News"],"inLanguage":"en-US","potentialAction":[{"@type":"CommentAction","name":"Comment","target":["https:\/\/vgi.krtk.hu\/en\/market-liberalism-and-economic-patriotism-in-the-capitalist-world-system-2019-09\/#respond"]}]},{"@type":"WebPage","@id":"https:\/\/vgi.krtk.hu\/en\/market-liberalism-and-economic-patriotism-in-the-capitalist-world-system-2019-09\/","url":"https:\/\/vgi.krtk.hu\/en\/market-liberalism-and-economic-patriotism-in-the-capitalist-world-system-2019-09\/","name":"Market Liberalism and Economic Patriotism in the Capitalist World System - 2019-09 - VGI","isPartOf":{"@id":"https:\/\/vgi.krtk.hu\/#website"},"primaryImageOfPage":{"@id":"https:\/\/vgi.krtk.hu\/en\/market-liberalism-and-economic-patriotism-in-the-capitalist-world-system-2019-09\/#primaryimage"},"image":{"@id":"https:\/\/vgi.krtk.hu\/en\/market-liberalism-and-economic-patriotism-in-the-capitalist-world-system-2019-09\/#primaryimage"},"thumbnailUrl":"https:\/\/vgi.krtk.hu\/wp-content\/uploads\/2022\/05\/placeholder.png","datePublished":"2019-09-12T00:00:00+00:00","inLanguage":"en-US","potentialAction":[{"@type":"ReadAction","target":["https:\/\/vgi.krtk.hu\/en\/market-liberalism-and-economic-patriotism-in-the-capitalist-world-system-2019-09\/"]}]},{"@type":"ImageObject","inLanguage":"en-US","@id":"https:\/\/vgi.krtk.hu\/en\/market-liberalism-and-economic-patriotism-in-the-capitalist-world-system-2019-09\/#primaryimage","url":"https:\/\/vgi.krtk.hu\/wp-content\/uploads\/2022\/05\/placeholder.png","contentUrl":"https:\/\/vgi.krtk.hu\/wp-content\/uploads\/2022\/05\/placeholder.png","width":1200,"height":800},{"@type":"WebSite","@id":"https:\/\/vgi.krtk.hu\/#website","url":"https:\/\/vgi.krtk.hu\/","name":"VGI","description":"Vil\u00e1ggazdas\u00e1gi Int\u00e9zet","publisher":{"@id":"https:\/\/vgi.krtk.hu\/#organization"},"potentialAction":[{"@type":"SearchAction","target":{"@type":"EntryPoint","urlTemplate":"https:\/\/vgi.krtk.hu\/?s={search_term_string}"},"query-input":{"@type":"PropertyValueSpecification","valueRequired":true,"valueName":"search_term_string"}}],"inLanguage":"en-US"},{"@type":"Organization","@id":"https:\/\/vgi.krtk.hu\/#organization","name":"VGI","url":"https:\/\/vgi.krtk.hu\/","logo":{"@type":"ImageObject","inLanguage":"en-US","@id":"https:\/\/vgi.krtk.hu\/#\/schema\/logo\/image\/","url":"https:\/\/vgi.krtk.hu\/wp-content\/uploads\/2022\/08\/cropped-Group-960-1.png","contentUrl":"https:\/\/vgi.krtk.hu\/wp-content\/uploads\/2022\/08\/cropped-Group-960-1.png","width":199,"height":57,"caption":"VGI"},"image":{"@id":"https:\/\/vgi.krtk.hu\/#\/schema\/logo\/image\/"}},{"@type":"Person","@id":"https:\/\/vgi.krtk.hu\/#\/schema\/person\/5fc3c5bd0131a7a37053a11f153affd0","name":"mta_vki","image":{"@type":"ImageObject","inLanguage":"en-US","@id":"https:\/\/vgi.krtk.hu\/#\/schema\/person\/image\/","url":"https:\/\/secure.gravatar.com\/avatar\/9292c701f4cf2fc32c596cbf769e07d0988141c2cf33c613e5328800c223ffcd?s=96&d=mm&r=g","contentUrl":"https:\/\/secure.gravatar.com\/avatar\/9292c701f4cf2fc32c596cbf769e07d0988141c2cf33c613e5328800c223ffcd?s=96&d=mm&r=g","caption":"mta_vki"},"url":"https:\/\/vgi.krtk.hu\/en\/author\/mta_vki\/"}]}},"_links":{"self":[{"href":"https:\/\/vgi.krtk.hu\/en\/wp-json\/wp\/v2\/posts\/7102","targetHints":{"allow":["GET"]}}],"collection":[{"href":"https:\/\/vgi.krtk.hu\/en\/wp-json\/wp\/v2\/posts"}],"about":[{"href":"https:\/\/vgi.krtk.hu\/en\/wp-json\/wp\/v2\/types\/post"}],"author":[{"embeddable":true,"href":"https:\/\/vgi.krtk.hu\/en\/wp-json\/wp\/v2\/users\/3"}],"replies":[{"embeddable":true,"href":"https:\/\/vgi.krtk.hu\/en\/wp-json\/wp\/v2\/comments?post=7102"}],"version-history":[{"count":0,"href":"https:\/\/vgi.krtk.hu\/en\/wp-json\/wp\/v2\/posts\/7102\/revisions"}],"wp:featuredmedia":[{"embeddable":true,"href":"https:\/\/vgi.krtk.hu\/en\/wp-json\/wp\/v2\/media\/38"}],"wp:attachment":[{"href":"https:\/\/vgi.krtk.hu\/en\/wp-json\/wp\/v2\/media?parent=7102"}],"wp:term":[{"taxonomy":"category","embeddable":true,"href":"https:\/\/vgi.krtk.hu\/en\/wp-json\/wp\/v2\/categories?post=7102"},{"taxonomy":"post_tag","embeddable":true,"href":"https:\/\/vgi.krtk.hu\/en\/wp-json\/wp\/v2\/tags?post=7102"}],"curies":[{"name":"wp","href":"https:\/\/api.w.org\/{rel}","templated":true}]}}