{"id":7124,"date":"2015-10-29T00:00:00","date_gmt":"2015-10-29T00:00:00","guid":{"rendered":"https:\/\/vki.stilldev2.work\/megjelent-az-mta-migracios-munkacsoportjanak-elemzese-2015-10\/"},"modified":"2015-10-29T00:00:00","modified_gmt":"2015-10-29T00:00:00","slug":"megjelent-az-mta-migracios-munkacsoportjanak-elemzese-2015-10","status":"publish","type":"post","link":"https:\/\/vgi.krtk.hu\/en\/megjelent-az-mta-migracios-munkacsoportjanak-elemzese-2015-10\/","title":{"rendered":"Megjelent az MTA Migr\u00e1ci\u00f3s Munkacsoportj\u00e1nak elemz\u00e9se &#8211; 2015-10"},"content":{"rendered":"<div class=\"migrated-content\">\n<div style=\"text-align: justify;\">&#8220;Hogyan ford\u00edthatn\u00e1 Magyarorsz\u00e1g saj\u00e1t haszn\u00e1ra azt a folyamatot, amely az orsz\u00e1g egy r\u00e9sz\u00e9n komoly fennakad\u00e1sokkal, infrastruktur\u00e1lis m\u0171k\u00f6d\u00e9si zavarokkal j\u00e1r, pr\u00f3b\u00e1ra teszi sok ezer ember t\u0171r\u0151k\u00e9pess\u00e9g\u00e9t, \u00e9s vannak bizonyos nemzetk\u00f6zi politikai kock\u00e1zatai is? Ennek a k\u00e9rd\u00e9snek a megv\u00e1laszol\u00e1s\u00e1t t\u0171zte ki c\u00e9lul az MTA h\u00e1rom kutat\u00f3k\u00f6zpontja \u00f6t int\u00e9zet\u00e9nek csaknem harminc f\u00f6ldrajztud\u00f3sa, kisebbs\u00e9gkutat\u00f3ja, jog\u00e1sza, k\u00f6zgazd\u00e1sza, valamint region\u00e1lis k\u00e9rd\u00e9sekkel foglalkoz\u00f3 szakembere.&#8221; Az MTA k\u00f6zlem\u00e9ny\u00e9t <a href=\"http:\/\/mta.hu\/mta_hirei\/az-europaba-iranyulo-es-2015-tol-felgyorsult-migracio-tenyezoi-iranyai-es-kilatasai-137008\/\" target=\"_blank\" rel=\"noopener\">itt<\/a> olvashatja el.<\/p>\n<\/div>\n<div style=\"text-align: justify;\">A Munkacsoport elemz\u00e9se\u00a0<a href=\"http:\/\/mta.hu\/data\/cikk\/13\/70\/8\/cikk_137008\/_europabairnyulo.pdf\" target=\"_blank\" rel=\"noopener\">ide kattintva<\/a> t\u00f6lthet\u0151 le, m\u00edg a\u00a0munkat\u00e1rsaink \u00e1ltal k\u00e9sz\u00edtett h\u00e1tt\u00e9rtanulm\u00e1nyok az al\u00e1bbi tanulm\u00e1nyc\u00edmekre kattintva \u00e9rhet\u0151ek el:<\/div>\n<p>Biedermann Zsuzs\u00e1nna: <a href=\"http:\/\/mta.hu\/data\/cikk\/13\/70\/8\/cikk_137008\/_Biedermann.pdf\" target=\"_blank\" rel=\"noopener\">Migr\u00e1ci\u00f3 Szubszaharai Afrik\u00e1b\u00f3l Magyarorsz\u00e1gra \u00e9s Eur\u00f3p\u00e1ba<\/a><br \/>Nov\u00e1k Tam\u00e1s: <a href=\"http:\/\/mta.hu\/data\/cikk\/13\/70\/8\/cikk_137008\/_novak.pdf\" target=\"_blank\" rel=\"noopener\">Migr\u00e1ci\u00f3s kock\u00e1zatok, v\u00e1rhat\u00f3 folyamatok &#8211; Nyugat-Balk\u00e1n<\/a><br \/>Szigetv\u00e1ri Tam\u00e1s: <a href=\"http:\/\/mta.hu\/data\/cikk\/13\/70\/8\/cikk_137008\/_szigetvari.pdf\" target=\"_blank\" rel=\"noopener\">Migr\u00e1ci\u00f3t befoly\u00e1sol\u00f3 t\u00e9nyez\u0151k a K\u00f6zel-Keleten<\/a><br \/><a><\/p>\n<p><\/a><\/div>\n","protected":false},"excerpt":{"rendered":"<p>Munkat\u00e1rsaink a szerz\u0151k k\u00f6z\u00f6tt<\/p>\n","protected":false},"author":3,"featured_media":38,"comment_status":"open","ping_status":"open","sticky":false,"template":"","format":"standard","meta":{"_acf_changed":false,"inline_featured_image":false,"footnotes":"","_links_to":"","_links_to_target":""},"categories":[86],"tags":[],"class_list":["post-7124","post","type-post","status-publish","format-standard","has-post-thumbnail","hentry","category-news-2"],"acf":[],"yoast_head":"<!-- This site is optimized with the Yoast SEO plugin v25.1 - https:\/\/yoast.com\/wordpress\/plugins\/seo\/ -->\n<title>Megjelent az MTA Migr\u00e1ci\u00f3s Munkacsoportj\u00e1nak elemz\u00e9se - 2015-10 - VGI<\/title>\n<meta name=\"robots\" content=\"index, follow, max-snippet:-1, max-image-preview:large, max-video-preview:-1\" \/>\n<link rel=\"canonical\" href=\"https:\/\/vgi.krtk.hu\/en\/megjelent-az-mta-migracios-munkacsoportjanak-elemzese-2015-10\/\" \/>\n<meta property=\"og:locale\" content=\"en_US\" \/>\n<meta property=\"og:type\" content=\"article\" \/>\n<meta property=\"og:title\" content=\"Megjelent az MTA Migr\u00e1ci\u00f3s Munkacsoportj\u00e1nak elemz\u00e9se - 2015-10 - VGI\" \/>\n<meta property=\"og:description\" content=\"Munkat\u00e1rsaink a szerz\u0151k k\u00f6z\u00f6tt\" \/>\n<meta property=\"og:url\" content=\"https:\/\/vgi.krtk.hu\/en\/megjelent-az-mta-migracios-munkacsoportjanak-elemzese-2015-10\/\" \/>\n<meta property=\"og:site_name\" content=\"VGI\" \/>\n<meta property=\"article:published_time\" content=\"2015-10-29T00:00:00+00:00\" \/>\n<meta name=\"author\" content=\"mta_vki\" \/>\n<meta name=\"twitter:card\" content=\"summary_large_image\" \/>\n<meta name=\"twitter:label1\" content=\"Written by\" \/>\n\t<meta name=\"twitter:data1\" content=\"mta_vki\" \/>\n\t<meta name=\"twitter:label2\" content=\"Est. reading time\" \/>\n\t<meta name=\"twitter:data2\" content=\"1 minute\" \/>\n<script type=\"application\/ld+json\" class=\"yoast-schema-graph\">{\"@context\":\"https:\/\/schema.org\",\"@graph\":[{\"@type\":\"Article\",\"@id\":\"https:\/\/vgi.krtk.hu\/en\/megjelent-az-mta-migracios-munkacsoportjanak-elemzese-2015-10\/#article\",\"isPartOf\":{\"@id\":\"https:\/\/vgi.krtk.hu\/en\/megjelent-az-mta-migracios-munkacsoportjanak-elemzese-2015-10\/\"},\"author\":{\"name\":\"mta_vki\",\"@id\":\"https:\/\/vgi.krtk.hu\/#\/schema\/person\/5fc3c5bd0131a7a37053a11f153affd0\"},\"headline\":\"Megjelent az MTA Migr\u00e1ci\u00f3s Munkacsoportj\u00e1nak elemz\u00e9se &#8211; 2015-10\",\"datePublished\":\"2015-10-29T00:00:00+00:00\",\"mainEntityOfPage\":{\"@id\":\"https:\/\/vgi.krtk.hu\/en\/megjelent-az-mta-migracios-munkacsoportjanak-elemzese-2015-10\/\"},\"wordCount\":199,\"commentCount\":0,\"publisher\":{\"@id\":\"https:\/\/vgi.krtk.hu\/#organization\"},\"image\":{\"@id\":\"https:\/\/vgi.krtk.hu\/en\/megjelent-az-mta-migracios-munkacsoportjanak-elemzese-2015-10\/#primaryimage\"},\"thumbnailUrl\":\"https:\/\/vgi.krtk.hu\/wp-content\/uploads\/2022\/05\/placeholder.png\",\"articleSection\":[\"News\"],\"inLanguage\":\"en-US\",\"potentialAction\":[{\"@type\":\"CommentAction\",\"name\":\"Comment\",\"target\":[\"https:\/\/vgi.krtk.hu\/en\/megjelent-az-mta-migracios-munkacsoportjanak-elemzese-2015-10\/#respond\"]}]},{\"@type\":\"WebPage\",\"@id\":\"https:\/\/vgi.krtk.hu\/en\/megjelent-az-mta-migracios-munkacsoportjanak-elemzese-2015-10\/\",\"url\":\"https:\/\/vgi.krtk.hu\/en\/megjelent-az-mta-migracios-munkacsoportjanak-elemzese-2015-10\/\",\"name\":\"Megjelent az MTA Migr\u00e1ci\u00f3s Munkacsoportj\u00e1nak elemz\u00e9se - 2015-10 - VGI\",\"isPartOf\":{\"@id\":\"https:\/\/vgi.krtk.hu\/#website\"},\"primaryImageOfPage\":{\"@id\":\"https:\/\/vgi.krtk.hu\/en\/megjelent-az-mta-migracios-munkacsoportjanak-elemzese-2015-10\/#primaryimage\"},\"image\":{\"@id\":\"https:\/\/vgi.krtk.hu\/en\/megjelent-az-mta-migracios-munkacsoportjanak-elemzese-2015-10\/#primaryimage\"},\"thumbnailUrl\":\"https:\/\/vgi.krtk.hu\/wp-content\/uploads\/2022\/05\/placeholder.png\",\"datePublished\":\"2015-10-29T00:00:00+00:00\",\"inLanguage\":\"en-US\",\"potentialAction\":[{\"@type\":\"ReadAction\",\"target\":[\"https:\/\/vgi.krtk.hu\/en\/megjelent-az-mta-migracios-munkacsoportjanak-elemzese-2015-10\/\"]}]},{\"@type\":\"ImageObject\",\"inLanguage\":\"en-US\",\"@id\":\"https:\/\/vgi.krtk.hu\/en\/megjelent-az-mta-migracios-munkacsoportjanak-elemzese-2015-10\/#primaryimage\",\"url\":\"https:\/\/vgi.krtk.hu\/wp-content\/uploads\/2022\/05\/placeholder.png\",\"contentUrl\":\"https:\/\/vgi.krtk.hu\/wp-content\/uploads\/2022\/05\/placeholder.png\",\"width\":1200,\"height\":800},{\"@type\":\"WebSite\",\"@id\":\"https:\/\/vgi.krtk.hu\/#website\",\"url\":\"https:\/\/vgi.krtk.hu\/\",\"name\":\"VGI\",\"description\":\"Vil\u00e1ggazdas\u00e1gi Int\u00e9zet\",\"publisher\":{\"@id\":\"https:\/\/vgi.krtk.hu\/#organization\"},\"potentialAction\":[{\"@type\":\"SearchAction\",\"target\":{\"@type\":\"EntryPoint\",\"urlTemplate\":\"https:\/\/vgi.krtk.hu\/?s={search_term_string}\"},\"query-input\":{\"@type\":\"PropertyValueSpecification\",\"valueRequired\":true,\"valueName\":\"search_term_string\"}}],\"inLanguage\":\"en-US\"},{\"@type\":\"Organization\",\"@id\":\"https:\/\/vgi.krtk.hu\/#organization\",\"name\":\"VGI\",\"url\":\"https:\/\/vgi.krtk.hu\/\",\"logo\":{\"@type\":\"ImageObject\",\"inLanguage\":\"en-US\",\"@id\":\"https:\/\/vgi.krtk.hu\/#\/schema\/logo\/image\/\",\"url\":\"https:\/\/vgi.krtk.hu\/wp-content\/uploads\/2022\/08\/cropped-Group-960-1.png\",\"contentUrl\":\"https:\/\/vgi.krtk.hu\/wp-content\/uploads\/2022\/08\/cropped-Group-960-1.png\",\"width\":199,\"height\":57,\"caption\":\"VGI\"},\"image\":{\"@id\":\"https:\/\/vgi.krtk.hu\/#\/schema\/logo\/image\/\"}},{\"@type\":\"Person\",\"@id\":\"https:\/\/vgi.krtk.hu\/#\/schema\/person\/5fc3c5bd0131a7a37053a11f153affd0\",\"name\":\"mta_vki\",\"image\":{\"@type\":\"ImageObject\",\"inLanguage\":\"en-US\",\"@id\":\"https:\/\/vgi.krtk.hu\/#\/schema\/person\/image\/\",\"url\":\"https:\/\/secure.gravatar.com\/avatar\/9292c701f4cf2fc32c596cbf769e07d0988141c2cf33c613e5328800c223ffcd?s=96&d=mm&r=g\",\"contentUrl\":\"https:\/\/secure.gravatar.com\/avatar\/9292c701f4cf2fc32c596cbf769e07d0988141c2cf33c613e5328800c223ffcd?s=96&d=mm&r=g\",\"caption\":\"mta_vki\"},\"url\":\"https:\/\/vgi.krtk.hu\/en\/author\/mta_vki\/\"}]}<\/script>\n<!-- \/ Yoast SEO plugin. -->","yoast_head_json":{"title":"Megjelent az MTA Migr\u00e1ci\u00f3s Munkacsoportj\u00e1nak elemz\u00e9se - 2015-10 - VGI","robots":{"index":"index","follow":"follow","max-snippet":"max-snippet:-1","max-image-preview":"max-image-preview:large","max-video-preview":"max-video-preview:-1"},"canonical":"https:\/\/vgi.krtk.hu\/en\/megjelent-az-mta-migracios-munkacsoportjanak-elemzese-2015-10\/","og_locale":"en_US","og_type":"article","og_title":"Megjelent az MTA Migr\u00e1ci\u00f3s Munkacsoportj\u00e1nak elemz\u00e9se - 2015-10 - VGI","og_description":"Munkat\u00e1rsaink a szerz\u0151k k\u00f6z\u00f6tt","og_url":"https:\/\/vgi.krtk.hu\/en\/megjelent-az-mta-migracios-munkacsoportjanak-elemzese-2015-10\/","og_site_name":"VGI","article_published_time":"2015-10-29T00:00:00+00:00","author":"mta_vki","twitter_card":"summary_large_image","twitter_misc":{"Written by":"mta_vki","Est. reading time":"1 minute"},"schema":{"@context":"https:\/\/schema.org","@graph":[{"@type":"Article","@id":"https:\/\/vgi.krtk.hu\/en\/megjelent-az-mta-migracios-munkacsoportjanak-elemzese-2015-10\/#article","isPartOf":{"@id":"https:\/\/vgi.krtk.hu\/en\/megjelent-az-mta-migracios-munkacsoportjanak-elemzese-2015-10\/"},"author":{"name":"mta_vki","@id":"https:\/\/vgi.krtk.hu\/#\/schema\/person\/5fc3c5bd0131a7a37053a11f153affd0"},"headline":"Megjelent az MTA Migr\u00e1ci\u00f3s Munkacsoportj\u00e1nak elemz\u00e9se &#8211; 2015-10","datePublished":"2015-10-29T00:00:00+00:00","mainEntityOfPage":{"@id":"https:\/\/vgi.krtk.hu\/en\/megjelent-az-mta-migracios-munkacsoportjanak-elemzese-2015-10\/"},"wordCount":199,"commentCount":0,"publisher":{"@id":"https:\/\/vgi.krtk.hu\/#organization"},"image":{"@id":"https:\/\/vgi.krtk.hu\/en\/megjelent-az-mta-migracios-munkacsoportjanak-elemzese-2015-10\/#primaryimage"},"thumbnailUrl":"https:\/\/vgi.krtk.hu\/wp-content\/uploads\/2022\/05\/placeholder.png","articleSection":["News"],"inLanguage":"en-US","potentialAction":[{"@type":"CommentAction","name":"Comment","target":["https:\/\/vgi.krtk.hu\/en\/megjelent-az-mta-migracios-munkacsoportjanak-elemzese-2015-10\/#respond"]}]},{"@type":"WebPage","@id":"https:\/\/vgi.krtk.hu\/en\/megjelent-az-mta-migracios-munkacsoportjanak-elemzese-2015-10\/","url":"https:\/\/vgi.krtk.hu\/en\/megjelent-az-mta-migracios-munkacsoportjanak-elemzese-2015-10\/","name":"Megjelent az MTA Migr\u00e1ci\u00f3s Munkacsoportj\u00e1nak elemz\u00e9se - 2015-10 - VGI","isPartOf":{"@id":"https:\/\/vgi.krtk.hu\/#website"},"primaryImageOfPage":{"@id":"https:\/\/vgi.krtk.hu\/en\/megjelent-az-mta-migracios-munkacsoportjanak-elemzese-2015-10\/#primaryimage"},"image":{"@id":"https:\/\/vgi.krtk.hu\/en\/megjelent-az-mta-migracios-munkacsoportjanak-elemzese-2015-10\/#primaryimage"},"thumbnailUrl":"https:\/\/vgi.krtk.hu\/wp-content\/uploads\/2022\/05\/placeholder.png","datePublished":"2015-10-29T00:00:00+00:00","inLanguage":"en-US","potentialAction":[{"@type":"ReadAction","target":["https:\/\/vgi.krtk.hu\/en\/megjelent-az-mta-migracios-munkacsoportjanak-elemzese-2015-10\/"]}]},{"@type":"ImageObject","inLanguage":"en-US","@id":"https:\/\/vgi.krtk.hu\/en\/megjelent-az-mta-migracios-munkacsoportjanak-elemzese-2015-10\/#primaryimage","url":"https:\/\/vgi.krtk.hu\/wp-content\/uploads\/2022\/05\/placeholder.png","contentUrl":"https:\/\/vgi.krtk.hu\/wp-content\/uploads\/2022\/05\/placeholder.png","width":1200,"height":800},{"@type":"WebSite","@id":"https:\/\/vgi.krtk.hu\/#website","url":"https:\/\/vgi.krtk.hu\/","name":"VGI","description":"Vil\u00e1ggazdas\u00e1gi Int\u00e9zet","publisher":{"@id":"https:\/\/vgi.krtk.hu\/#organization"},"potentialAction":[{"@type":"SearchAction","target":{"@type":"EntryPoint","urlTemplate":"https:\/\/vgi.krtk.hu\/?s={search_term_string}"},"query-input":{"@type":"PropertyValueSpecification","valueRequired":true,"valueName":"search_term_string"}}],"inLanguage":"en-US"},{"@type":"Organization","@id":"https:\/\/vgi.krtk.hu\/#organization","name":"VGI","url":"https:\/\/vgi.krtk.hu\/","logo":{"@type":"ImageObject","inLanguage":"en-US","@id":"https:\/\/vgi.krtk.hu\/#\/schema\/logo\/image\/","url":"https:\/\/vgi.krtk.hu\/wp-content\/uploads\/2022\/08\/cropped-Group-960-1.png","contentUrl":"https:\/\/vgi.krtk.hu\/wp-content\/uploads\/2022\/08\/cropped-Group-960-1.png","width":199,"height":57,"caption":"VGI"},"image":{"@id":"https:\/\/vgi.krtk.hu\/#\/schema\/logo\/image\/"}},{"@type":"Person","@id":"https:\/\/vgi.krtk.hu\/#\/schema\/person\/5fc3c5bd0131a7a37053a11f153affd0","name":"mta_vki","image":{"@type":"ImageObject","inLanguage":"en-US","@id":"https:\/\/vgi.krtk.hu\/#\/schema\/person\/image\/","url":"https:\/\/secure.gravatar.com\/avatar\/9292c701f4cf2fc32c596cbf769e07d0988141c2cf33c613e5328800c223ffcd?s=96&d=mm&r=g","contentUrl":"https:\/\/secure.gravatar.com\/avatar\/9292c701f4cf2fc32c596cbf769e07d0988141c2cf33c613e5328800c223ffcd?s=96&d=mm&r=g","caption":"mta_vki"},"url":"https:\/\/vgi.krtk.hu\/en\/author\/mta_vki\/"}]}},"_links":{"self":[{"href":"https:\/\/vgi.krtk.hu\/en\/wp-json\/wp\/v2\/posts\/7124","targetHints":{"allow":["GET"]}}],"collection":[{"href":"https:\/\/vgi.krtk.hu\/en\/wp-json\/wp\/v2\/posts"}],"about":[{"href":"https:\/\/vgi.krtk.hu\/en\/wp-json\/wp\/v2\/types\/post"}],"author":[{"embeddable":true,"href":"https:\/\/vgi.krtk.hu\/en\/wp-json\/wp\/v2\/users\/3"}],"replies":[{"embeddable":true,"href":"https:\/\/vgi.krtk.hu\/en\/wp-json\/wp\/v2\/comments?post=7124"}],"version-history":[{"count":0,"href":"https:\/\/vgi.krtk.hu\/en\/wp-json\/wp\/v2\/posts\/7124\/revisions"}],"wp:featuredmedia":[{"embeddable":true,"href":"https:\/\/vgi.krtk.hu\/en\/wp-json\/wp\/v2\/media\/38"}],"wp:attachment":[{"href":"https:\/\/vgi.krtk.hu\/en\/wp-json\/wp\/v2\/media?parent=7124"}],"wp:term":[{"taxonomy":"category","embeddable":true,"href":"https:\/\/vgi.krtk.hu\/en\/wp-json\/wp\/v2\/categories?post=7124"},{"taxonomy":"post_tag","embeddable":true,"href":"https:\/\/vgi.krtk.hu\/en\/wp-json\/wp\/v2\/tags?post=7124"}],"curies":[{"name":"wp","href":"https:\/\/api.w.org\/{rel}","templated":true}]}}