{"id":7310,"date":"2015-04-02T00:00:00","date_gmt":"2015-04-02T00:00:00","guid":{"rendered":"https:\/\/vki.stilldev2.work\/tudomanyos-segedmunkatarsat-keresunk-2015-04\/"},"modified":"2015-04-02T00:00:00","modified_gmt":"2015-04-02T00:00:00","slug":"tudomanyos-segedmunkatarsat-keresunk-2015-04","status":"publish","type":"post","link":"https:\/\/vgi.krtk.hu\/en\/tudomanyos-segedmunkatarsat-keresunk-2015-04\/","title":{"rendered":"Tudom\u00e1nyos seg\u00e9dmunkat\u00e1rsat keres\u00fcnk &#8211; 2015-04"},"content":{"rendered":"<div class=\"migrated-content\">A poz\u00edci\u00f3 a KRTK VGI Fejl\u0151d\u00e9s-gazdas\u00e1gtani kutat\u00f3csoportj\u00e1hoz kapcsol\u00f3dik. <\/p>\n<p>Az \u00faj munkat\u00e1rs feladata \u201eA fejl\u0151d\u0151 orsz\u00e1gok vil\u00e1ggazdas\u00e1gi kapcsol\u00f3d\u00e1si lehet\u0151s\u00e9gei\u201d kutat\u00e1si t\u00e9ma vizsg\u00e1lata a csoport t\u00f6bbi tagj\u00e1val egy\u00fcttm\u0171k\u00f6dve.<\/p>\n<p>A p\u00e1ly\u00e1z\u00f3t\u00f3l nemzetk\u00f6zi szint\u0171 kutat\u00e1si \u00e9s publik\u00e1ci\u00f3s tev\u00e9kenys\u00e9get, szakmai elk\u00f6telezetts\u00e9get \u00e9s a kutat\u00f3csoport munk\u00e1j\u00e1ban val\u00f3 akt\u00edv r\u00e9szv\u00e9telt v\u00e1runk. <\/p>\n<p>A hivatalos p\u00e1ly\u00e1zati ki\u00edr\u00e1s az al\u00e1bbi ikonra kattintva olvashat\u00f3, illetve megtal\u00e1lhat\u00f3 a kozigallas.hu-n is.<\/p>\n<p>A p\u00e1ly\u00e1zat beny\u00fajt\u00e1s\u00e1nak hat\u00e1rideje: 2015. \u00e1prilis 2.<br \/>A p\u00e1ly\u00e1zat elb\u00edr\u00e1l\u00e1s\u00e1nak hat\u00e1rideje: 2015. \u00e1prilis 8.<\/div>\n<div class='csatolmany'><a class='csatolmany-gomb' href='\/files\/MTA_KRTK_VGI_fiatal_ kutato_ 032015.pdf' target='_blank' rel=\"noopener\">Download<\/a><\/div>\n","protected":false},"excerpt":{"rendered":"<p>A fiatal kutat\u00f3i \u00f6szt\u00f6nd\u00edjat a fejl\u0151d\u0151 orsz\u00e1gok kutat\u00e1s\u00e1ra \u00edrjuk ki<\/p>\n","protected":false},"author":3,"featured_media":38,"comment_status":"open","ping_status":"open","sticky":false,"template":"","format":"standard","meta":{"_acf_changed":false,"inline_featured_image":false,"footnotes":"","_links_to":"","_links_to_target":""},"categories":[86],"tags":[],"class_list":["post-7310","post","type-post","status-publish","format-standard","has-post-thumbnail","hentry","category-news-2"],"acf":[],"yoast_head":"<!-- This site is optimized with the Yoast SEO plugin v25.1 - https:\/\/yoast.com\/wordpress\/plugins\/seo\/ -->\n<title>Tudom\u00e1nyos seg\u00e9dmunkat\u00e1rsat keres\u00fcnk - 2015-04 - VGI<\/title>\n<meta name=\"robots\" content=\"index, follow, max-snippet:-1, max-image-preview:large, max-video-preview:-1\" \/>\n<link rel=\"canonical\" href=\"https:\/\/vgi.krtk.hu\/en\/tudomanyos-segedmunkatarsat-keresunk-2015-04\/\" \/>\n<meta property=\"og:locale\" content=\"en_US\" \/>\n<meta property=\"og:type\" content=\"article\" \/>\n<meta property=\"og:title\" content=\"Tudom\u00e1nyos seg\u00e9dmunkat\u00e1rsat keres\u00fcnk - 2015-04 - VGI\" \/>\n<meta property=\"og:description\" content=\"A fiatal kutat\u00f3i \u00f6szt\u00f6nd\u00edjat a fejl\u0151d\u0151 orsz\u00e1gok kutat\u00e1s\u00e1ra \u00edrjuk ki\" \/>\n<meta property=\"og:url\" content=\"https:\/\/vgi.krtk.hu\/en\/tudomanyos-segedmunkatarsat-keresunk-2015-04\/\" \/>\n<meta property=\"og:site_name\" content=\"VGI\" \/>\n<meta property=\"article:published_time\" content=\"2015-04-02T00:00:00+00:00\" \/>\n<meta name=\"author\" content=\"mta_vki\" \/>\n<meta name=\"twitter:card\" content=\"summary_large_image\" \/>\n<meta name=\"twitter:label1\" content=\"Written by\" \/>\n\t<meta name=\"twitter:data1\" content=\"mta_vki\" \/>\n\t<meta name=\"twitter:label2\" content=\"Est. reading time\" \/>\n\t<meta name=\"twitter:data2\" content=\"1 minute\" \/>\n<script type=\"application\/ld+json\" class=\"yoast-schema-graph\">{\"@context\":\"https:\/\/schema.org\",\"@graph\":[{\"@type\":\"Article\",\"@id\":\"https:\/\/vgi.krtk.hu\/en\/tudomanyos-segedmunkatarsat-keresunk-2015-04\/#article\",\"isPartOf\":{\"@id\":\"https:\/\/vgi.krtk.hu\/en\/tudomanyos-segedmunkatarsat-keresunk-2015-04\/\"},\"author\":{\"name\":\"mta_vki\",\"@id\":\"https:\/\/vgi.krtk.hu\/#\/schema\/person\/5fc3c5bd0131a7a37053a11f153affd0\"},\"headline\":\"Tudom\u00e1nyos seg\u00e9dmunkat\u00e1rsat keres\u00fcnk &#8211; 2015-04\",\"datePublished\":\"2015-04-02T00:00:00+00:00\",\"mainEntityOfPage\":{\"@id\":\"https:\/\/vgi.krtk.hu\/en\/tudomanyos-segedmunkatarsat-keresunk-2015-04\/\"},\"wordCount\":141,\"commentCount\":0,\"publisher\":{\"@id\":\"https:\/\/vgi.krtk.hu\/#organization\"},\"image\":{\"@id\":\"https:\/\/vgi.krtk.hu\/en\/tudomanyos-segedmunkatarsat-keresunk-2015-04\/#primaryimage\"},\"thumbnailUrl\":\"https:\/\/vgi.krtk.hu\/wp-content\/uploads\/2022\/05\/placeholder.png\",\"articleSection\":[\"News\"],\"inLanguage\":\"en-US\",\"potentialAction\":[{\"@type\":\"CommentAction\",\"name\":\"Comment\",\"target\":[\"https:\/\/vgi.krtk.hu\/en\/tudomanyos-segedmunkatarsat-keresunk-2015-04\/#respond\"]}]},{\"@type\":\"WebPage\",\"@id\":\"https:\/\/vgi.krtk.hu\/en\/tudomanyos-segedmunkatarsat-keresunk-2015-04\/\",\"url\":\"https:\/\/vgi.krtk.hu\/en\/tudomanyos-segedmunkatarsat-keresunk-2015-04\/\",\"name\":\"Tudom\u00e1nyos seg\u00e9dmunkat\u00e1rsat keres\u00fcnk - 2015-04 - VGI\",\"isPartOf\":{\"@id\":\"https:\/\/vgi.krtk.hu\/#website\"},\"primaryImageOfPage\":{\"@id\":\"https:\/\/vgi.krtk.hu\/en\/tudomanyos-segedmunkatarsat-keresunk-2015-04\/#primaryimage\"},\"image\":{\"@id\":\"https:\/\/vgi.krtk.hu\/en\/tudomanyos-segedmunkatarsat-keresunk-2015-04\/#primaryimage\"},\"thumbnailUrl\":\"https:\/\/vgi.krtk.hu\/wp-content\/uploads\/2022\/05\/placeholder.png\",\"datePublished\":\"2015-04-02T00:00:00+00:00\",\"inLanguage\":\"en-US\",\"potentialAction\":[{\"@type\":\"ReadAction\",\"target\":[\"https:\/\/vgi.krtk.hu\/en\/tudomanyos-segedmunkatarsat-keresunk-2015-04\/\"]}]},{\"@type\":\"ImageObject\",\"inLanguage\":\"en-US\",\"@id\":\"https:\/\/vgi.krtk.hu\/en\/tudomanyos-segedmunkatarsat-keresunk-2015-04\/#primaryimage\",\"url\":\"https:\/\/vgi.krtk.hu\/wp-content\/uploads\/2022\/05\/placeholder.png\",\"contentUrl\":\"https:\/\/vgi.krtk.hu\/wp-content\/uploads\/2022\/05\/placeholder.png\",\"width\":1200,\"height\":800},{\"@type\":\"WebSite\",\"@id\":\"https:\/\/vgi.krtk.hu\/#website\",\"url\":\"https:\/\/vgi.krtk.hu\/\",\"name\":\"VGI\",\"description\":\"Vil\u00e1ggazdas\u00e1gi Int\u00e9zet\",\"publisher\":{\"@id\":\"https:\/\/vgi.krtk.hu\/#organization\"},\"potentialAction\":[{\"@type\":\"SearchAction\",\"target\":{\"@type\":\"EntryPoint\",\"urlTemplate\":\"https:\/\/vgi.krtk.hu\/?s={search_term_string}\"},\"query-input\":{\"@type\":\"PropertyValueSpecification\",\"valueRequired\":true,\"valueName\":\"search_term_string\"}}],\"inLanguage\":\"en-US\"},{\"@type\":\"Organization\",\"@id\":\"https:\/\/vgi.krtk.hu\/#organization\",\"name\":\"VGI\",\"url\":\"https:\/\/vgi.krtk.hu\/\",\"logo\":{\"@type\":\"ImageObject\",\"inLanguage\":\"en-US\",\"@id\":\"https:\/\/vgi.krtk.hu\/#\/schema\/logo\/image\/\",\"url\":\"https:\/\/vgi.krtk.hu\/wp-content\/uploads\/2022\/08\/cropped-Group-960-1.png\",\"contentUrl\":\"https:\/\/vgi.krtk.hu\/wp-content\/uploads\/2022\/08\/cropped-Group-960-1.png\",\"width\":199,\"height\":57,\"caption\":\"VGI\"},\"image\":{\"@id\":\"https:\/\/vgi.krtk.hu\/#\/schema\/logo\/image\/\"}},{\"@type\":\"Person\",\"@id\":\"https:\/\/vgi.krtk.hu\/#\/schema\/person\/5fc3c5bd0131a7a37053a11f153affd0\",\"name\":\"mta_vki\",\"image\":{\"@type\":\"ImageObject\",\"inLanguage\":\"en-US\",\"@id\":\"https:\/\/vgi.krtk.hu\/#\/schema\/person\/image\/\",\"url\":\"https:\/\/secure.gravatar.com\/avatar\/9292c701f4cf2fc32c596cbf769e07d0988141c2cf33c613e5328800c223ffcd?s=96&d=mm&r=g\",\"contentUrl\":\"https:\/\/secure.gravatar.com\/avatar\/9292c701f4cf2fc32c596cbf769e07d0988141c2cf33c613e5328800c223ffcd?s=96&d=mm&r=g\",\"caption\":\"mta_vki\"},\"url\":\"https:\/\/vgi.krtk.hu\/en\/author\/mta_vki\/\"}]}<\/script>\n<!-- \/ Yoast SEO plugin. -->","yoast_head_json":{"title":"Tudom\u00e1nyos seg\u00e9dmunkat\u00e1rsat keres\u00fcnk - 2015-04 - VGI","robots":{"index":"index","follow":"follow","max-snippet":"max-snippet:-1","max-image-preview":"max-image-preview:large","max-video-preview":"max-video-preview:-1"},"canonical":"https:\/\/vgi.krtk.hu\/en\/tudomanyos-segedmunkatarsat-keresunk-2015-04\/","og_locale":"en_US","og_type":"article","og_title":"Tudom\u00e1nyos seg\u00e9dmunkat\u00e1rsat keres\u00fcnk - 2015-04 - VGI","og_description":"A fiatal kutat\u00f3i \u00f6szt\u00f6nd\u00edjat a fejl\u0151d\u0151 orsz\u00e1gok kutat\u00e1s\u00e1ra \u00edrjuk ki","og_url":"https:\/\/vgi.krtk.hu\/en\/tudomanyos-segedmunkatarsat-keresunk-2015-04\/","og_site_name":"VGI","article_published_time":"2015-04-02T00:00:00+00:00","author":"mta_vki","twitter_card":"summary_large_image","twitter_misc":{"Written by":"mta_vki","Est. reading time":"1 minute"},"schema":{"@context":"https:\/\/schema.org","@graph":[{"@type":"Article","@id":"https:\/\/vgi.krtk.hu\/en\/tudomanyos-segedmunkatarsat-keresunk-2015-04\/#article","isPartOf":{"@id":"https:\/\/vgi.krtk.hu\/en\/tudomanyos-segedmunkatarsat-keresunk-2015-04\/"},"author":{"name":"mta_vki","@id":"https:\/\/vgi.krtk.hu\/#\/schema\/person\/5fc3c5bd0131a7a37053a11f153affd0"},"headline":"Tudom\u00e1nyos seg\u00e9dmunkat\u00e1rsat keres\u00fcnk &#8211; 2015-04","datePublished":"2015-04-02T00:00:00+00:00","mainEntityOfPage":{"@id":"https:\/\/vgi.krtk.hu\/en\/tudomanyos-segedmunkatarsat-keresunk-2015-04\/"},"wordCount":141,"commentCount":0,"publisher":{"@id":"https:\/\/vgi.krtk.hu\/#organization"},"image":{"@id":"https:\/\/vgi.krtk.hu\/en\/tudomanyos-segedmunkatarsat-keresunk-2015-04\/#primaryimage"},"thumbnailUrl":"https:\/\/vgi.krtk.hu\/wp-content\/uploads\/2022\/05\/placeholder.png","articleSection":["News"],"inLanguage":"en-US","potentialAction":[{"@type":"CommentAction","name":"Comment","target":["https:\/\/vgi.krtk.hu\/en\/tudomanyos-segedmunkatarsat-keresunk-2015-04\/#respond"]}]},{"@type":"WebPage","@id":"https:\/\/vgi.krtk.hu\/en\/tudomanyos-segedmunkatarsat-keresunk-2015-04\/","url":"https:\/\/vgi.krtk.hu\/en\/tudomanyos-segedmunkatarsat-keresunk-2015-04\/","name":"Tudom\u00e1nyos seg\u00e9dmunkat\u00e1rsat keres\u00fcnk - 2015-04 - VGI","isPartOf":{"@id":"https:\/\/vgi.krtk.hu\/#website"},"primaryImageOfPage":{"@id":"https:\/\/vgi.krtk.hu\/en\/tudomanyos-segedmunkatarsat-keresunk-2015-04\/#primaryimage"},"image":{"@id":"https:\/\/vgi.krtk.hu\/en\/tudomanyos-segedmunkatarsat-keresunk-2015-04\/#primaryimage"},"thumbnailUrl":"https:\/\/vgi.krtk.hu\/wp-content\/uploads\/2022\/05\/placeholder.png","datePublished":"2015-04-02T00:00:00+00:00","inLanguage":"en-US","potentialAction":[{"@type":"ReadAction","target":["https:\/\/vgi.krtk.hu\/en\/tudomanyos-segedmunkatarsat-keresunk-2015-04\/"]}]},{"@type":"ImageObject","inLanguage":"en-US","@id":"https:\/\/vgi.krtk.hu\/en\/tudomanyos-segedmunkatarsat-keresunk-2015-04\/#primaryimage","url":"https:\/\/vgi.krtk.hu\/wp-content\/uploads\/2022\/05\/placeholder.png","contentUrl":"https:\/\/vgi.krtk.hu\/wp-content\/uploads\/2022\/05\/placeholder.png","width":1200,"height":800},{"@type":"WebSite","@id":"https:\/\/vgi.krtk.hu\/#website","url":"https:\/\/vgi.krtk.hu\/","name":"VGI","description":"Vil\u00e1ggazdas\u00e1gi Int\u00e9zet","publisher":{"@id":"https:\/\/vgi.krtk.hu\/#organization"},"potentialAction":[{"@type":"SearchAction","target":{"@type":"EntryPoint","urlTemplate":"https:\/\/vgi.krtk.hu\/?s={search_term_string}"},"query-input":{"@type":"PropertyValueSpecification","valueRequired":true,"valueName":"search_term_string"}}],"inLanguage":"en-US"},{"@type":"Organization","@id":"https:\/\/vgi.krtk.hu\/#organization","name":"VGI","url":"https:\/\/vgi.krtk.hu\/","logo":{"@type":"ImageObject","inLanguage":"en-US","@id":"https:\/\/vgi.krtk.hu\/#\/schema\/logo\/image\/","url":"https:\/\/vgi.krtk.hu\/wp-content\/uploads\/2022\/08\/cropped-Group-960-1.png","contentUrl":"https:\/\/vgi.krtk.hu\/wp-content\/uploads\/2022\/08\/cropped-Group-960-1.png","width":199,"height":57,"caption":"VGI"},"image":{"@id":"https:\/\/vgi.krtk.hu\/#\/schema\/logo\/image\/"}},{"@type":"Person","@id":"https:\/\/vgi.krtk.hu\/#\/schema\/person\/5fc3c5bd0131a7a37053a11f153affd0","name":"mta_vki","image":{"@type":"ImageObject","inLanguage":"en-US","@id":"https:\/\/vgi.krtk.hu\/#\/schema\/person\/image\/","url":"https:\/\/secure.gravatar.com\/avatar\/9292c701f4cf2fc32c596cbf769e07d0988141c2cf33c613e5328800c223ffcd?s=96&d=mm&r=g","contentUrl":"https:\/\/secure.gravatar.com\/avatar\/9292c701f4cf2fc32c596cbf769e07d0988141c2cf33c613e5328800c223ffcd?s=96&d=mm&r=g","caption":"mta_vki"},"url":"https:\/\/vgi.krtk.hu\/en\/author\/mta_vki\/"}]}},"_links":{"self":[{"href":"https:\/\/vgi.krtk.hu\/en\/wp-json\/wp\/v2\/posts\/7310","targetHints":{"allow":["GET"]}}],"collection":[{"href":"https:\/\/vgi.krtk.hu\/en\/wp-json\/wp\/v2\/posts"}],"about":[{"href":"https:\/\/vgi.krtk.hu\/en\/wp-json\/wp\/v2\/types\/post"}],"author":[{"embeddable":true,"href":"https:\/\/vgi.krtk.hu\/en\/wp-json\/wp\/v2\/users\/3"}],"replies":[{"embeddable":true,"href":"https:\/\/vgi.krtk.hu\/en\/wp-json\/wp\/v2\/comments?post=7310"}],"version-history":[{"count":0,"href":"https:\/\/vgi.krtk.hu\/en\/wp-json\/wp\/v2\/posts\/7310\/revisions"}],"wp:featuredmedia":[{"embeddable":true,"href":"https:\/\/vgi.krtk.hu\/en\/wp-json\/wp\/v2\/media\/38"}],"wp:attachment":[{"href":"https:\/\/vgi.krtk.hu\/en\/wp-json\/wp\/v2\/media?parent=7310"}],"wp:term":[{"taxonomy":"category","embeddable":true,"href":"https:\/\/vgi.krtk.hu\/en\/wp-json\/wp\/v2\/categories?post=7310"},{"taxonomy":"post_tag","embeddable":true,"href":"https:\/\/vgi.krtk.hu\/en\/wp-json\/wp\/v2\/tags?post=7310"}],"curies":[{"name":"wp","href":"https:\/\/api.w.org\/{rel}","templated":true}]}}